{"id":918493,"date":"2025-07-17T06:48:41","date_gmt":"2025-07-17T04:48:41","guid":{"rendered":"https:\/\/gradski.me\/uncategorized\/borovinic-bojovic-tamo-gdje-ljudi-zive-tamo-je-centar\/"},"modified":"2025-07-17T06:48:41","modified_gmt":"2025-07-17T04:48:41","slug":"borovinic-bojovic-tamo-gdje-ljudi-zive-tamo-je-centar","status":"publish","type":"post","link":"https:\/\/gradski.me\/en\/podgorica\/borovinic-bojovic-tamo-gdje-ljudi-zive-tamo-je-centar\/","title":{"rendered":"Borovini\u0107 Bojovi\u0107: Tamo gdje ljudi \u017eive, tamo je centar"},"content":{"rendered":"<p><br><br>Kao klju\u010dne oblasti na kojima \u0107e biti stavljen akcenat, Borovini\u0107 Bojovi\u0107 izdvaja energetsku efikasnost, zelenu agendu i unapre\u0111enje klimatskih akcija, uspje\u0161no upravljanje otpadom, ekonomiju i investicije, podsticanje preduzetni\u0161tva, digitalnu transformaciju, promociju turizma, socijalnu politiku i ve\u0107u inkluziju ranjivih grupa uklju\u010duju\u0107i mlade, stare, i osobe sa invaliditetom.<\/p>\n\n\n\n<p>\u2013 Zajednica op\u0161tina isti\u010de zna\u010daj ja\u010danja decentralizacije i vra\u0107anja nadle\u017enosti op\u0161tinama, uz aktivno u\u010de\u0161\u0107e u kreiranju zakona i javnih politika koje se ti\u010du lokalne samouprave. U narednom periodu Zajednica op\u0161tina \u0107e intenzivirati podr\u0161ku op\u0161tinama u pripremi infrastrukturnih projekata i pristupu EU fondovima, kao i u ja\u010danju kadrovskih kapaciteta za EU integracije i povla\u010denje sredstava. U tom cilju bi\u0107e obezbije\u0111ena podr\u0161ka kroz obuke, tehni\u010dku dokumentaciju i razvojne projekte, uz podsticanje me\u0111uop\u0161tinske saradnje i razmjenu znanja sa partnerima iz regiona i EU \u2013 navela je Borovini\u0107 Bojovi\u0107.<\/p>\n\n\n\n<p>Ona je navela da \u0107e Zajednica podr\u017eati odr\u017eivi lokalni razvoj kroz promociju zdravstvenog i ruralnog turizma, organske poljoprivrede, za\u0161tite \u017eivotne sredine i zdravih stilova \u017eivota.<\/p>\n\n\n\n<p><\/p>\n\n\n\n<p>\u2013 Aktivno \u0107emo u\u010destvovati u radu regionalnih i evropskih mre\u017ea, ja\u010daju\u0107i me\u0111unarodnu saradnju i lobiraju\u0107i za interese crnogorskih op\u0161tina u institucijama poput Komiteta regiona, NALAS-a i Kongresa lokalnih i regionalnih vlasti Savjeta Evrope. Kroz transparentno djelovanje i strate\u0161ka partnerstva, Zajednica ostaje posve\u0107ena izgradnji efikasne, moderne i gra\u0111anima dostupne lokalne samouprave \u2013 rekla je Borovini\u0107 Bojovi\u0107.<\/p>\n\n\n\n<p>Ona poru\u010duje i da je novi Zakon o lokalnoj samoupravi u fazi uskla\u0111ivanja u Sekretarijatu za zakonodavstvo, u Ministarstvu javne uprave.<\/p>","protected":false},"excerpt":{"rendered":"<p>Ravnomjeran razvoj svih op\u0161tina Crne Gore, sa posebnim akcentom na nekoliko klju\u010dnih oblasti bi\u0107e u fokusu Zajednice op\u0161tina u narednom periodu, saop\u0161tila je za \u201eDan\u201d Jelena Borovini\u0107 Bojovi\u0107, predsjednica Skup\u0161tine Zajednice op\u0161tina Crne Gore, u susret obilje\u017eavanju 53 godine od osnivanja ove nacionalne asocijacije koja okuplja sve lokalne zajednice.<\/p>","protected":false},"author":5,"featured_media":918494,"comment_status":"open","ping_status":"open","sticky":false,"template":"","format":"standard","meta":{"_acf_changed":false,"footnotes":"","jetpack_publicize_message":"","jetpack_publicize_feature_enabled":true,"jetpack_social_post_already_shared":false,"jetpack_social_options":{"image_generator_settings":{"template":"highway","default_image_id":0,"font":"","enabled":false},"version":2}},"categories":[6],"tags":[5233,323],"naslovna":[],"class_list":["post-918493","post","type-post","status-publish","format-standard","has-post-thumbnail","hentry","category-podgorica","tag-centar","tag-jelena-borovinic-bojovic"],"acf":[],"jetpack_publicize_connections":[],"_links":{"self":[{"href":"https:\/\/gradski.me\/en\/wp-json\/wp\/v2\/posts\/918493","targetHints":{"allow":["GET"]}}],"collection":[{"href":"https:\/\/gradski.me\/en\/wp-json\/wp\/v2\/posts"}],"about":[{"href":"https:\/\/gradski.me\/en\/wp-json\/wp\/v2\/types\/post"}],"author":[{"embeddable":true,"href":"https:\/\/gradski.me\/en\/wp-json\/wp\/v2\/users\/5"}],"replies":[{"embeddable":true,"href":"https:\/\/gradski.me\/en\/wp-json\/wp\/v2\/comments?post=918493"}],"version-history":[{"count":0,"href":"https:\/\/gradski.me\/en\/wp-json\/wp\/v2\/posts\/918493\/revisions"}],"wp:featuredmedia":[{"embeddable":true,"href":"https:\/\/gradski.me\/en\/wp-json\/wp\/v2\/media\/918494"}],"wp:attachment":[{"href":"https:\/\/gradski.me\/en\/wp-json\/wp\/v2\/media?parent=918493"}],"wp:term":[{"taxonomy":"category","embeddable":true,"href":"https:\/\/gradski.me\/en\/wp-json\/wp\/v2\/categories?post=918493"},{"taxonomy":"post_tag","embeddable":true,"href":"https:\/\/gradski.me\/en\/wp-json\/wp\/v2\/tags?post=918493"},{"taxonomy":"naslovna","embeddable":true,"href":"https:\/\/gradski.me\/en\/wp-json\/wp\/v2\/naslovna?post=918493"}],"curies":[{"name":"wp","href":"https:\/\/api.w.org\/{rel}","templated":true}]}}