{"id":918319,"date":"2025-07-16T09:37:00","date_gmt":"2025-07-16T07:37:00","guid":{"rendered":"https:\/\/gradski.me\/uncategorized\/nvf-humanost-pomozimo-trogodisnjem-darisu-da-napravi-svoj-prvi-korak\/"},"modified":"2025-07-16T09:37:00","modified_gmt":"2025-07-16T07:37:00","slug":"nvf-humanost-pomozimo-trogodisnjem-darisu-da-napravi-svoj-prvi-korak","status":"publish","type":"post","link":"https:\/\/gradski.me\/en\/drustvo\/nvf-humanost-pomozimo-trogodisnjem-darisu-da-napravi-svoj-prvi-korak\/","title":{"rendered":"NVF Humanost: Pomozimo trogodi\u0161njem Darisu da napravi svoj prvi korak"},"content":{"rendered":"<p><\/p>\n\n\n\n<p>\u201cUprkos svemu, Daris je vedro, bistro i uvijek nasmijano dijete, koje svakodnevno pokazuje snagu i volju da napravi svoj prvi korak. Ljekari preporu\u010duju intenzivne neurorehabilitacione tretmane u renomiranoj klinici Medicana Health Group u Istanbulu, u trajanju od 45 dana. Ovaj specijalizovani program uklju\u010duje robotsku obuku hodanja, elektrostimulaciju mi\u0161i\u0107a, fizioterapiju i radnu terapiju, s ciljem da se oja\u010daju mi\u0161i\u0107i trupa i ekstremiteta i omogu\u0107i prvi samostalan korak\u201d, rekli su u saop\u0161tenju.<\/p>\n\n\n\n<p>Humanitarnu akciju prikupljanja sredstava pokrenula je nevladina organizacija \u201c\u017dene Bara\u201d, koje predano rade na tome da Daris dobije \u0161ansu kakvu zaslu\u017euje.<\/p>\n\n\n\n<p>\u201cUkupni tro\u0161kovi lije\u010denja, avionskih karata i boravka za dje\u010daka i njegovu porodicu iznose 40.000 eura. Do sada je prikupljen najve\u0107i dio sredstava, ali nedostaje jo\u0161 7.630 eura kako bi se ova va\u017ena akcija uspje\u0161no privela kraju i kako bi Daris dobio priliku za svjetliju budu\u0107nost\u201d, zaklju\u010duje se.<\/p>\n\n\n\n<p>Pomo\u0107 mo\u017eete pru\u017eiti:<\/p>\n\n\n\n<p>PLATNIM KARTICAMA PUTEM LINKA:<a href=\"https:\/\/humanost.com\/akcija\/c2ca91e8-cd54-4a0f-b359-64aa3b28c9e7\" rel=\"noreferrer noopener\" target=\"_blank\">&nbsp;https:\/\/humanost.com\/akcija\/c2ca91e8-cd54-4a0f-b359-64aa3b28c9e7<\/a><\/p>\n\n\n\n<p>UPLATOM NA \u017dIRO RA\u010cUN: 520-44383-10<br>DEVIZNI RA\u010cUN: 520004200000312302<br>IBAN: ME25520004200000312302<br>SWIFT: HBBAMEPGXXX<br>SMS: Po\u0161aljite 57 na 14565 \u2013 1 poruka = 1 EUR<\/p>\n\n\n\n<p>Prikupljena sredstva bi\u0107e usmjerena NVU \u201c\u017dene Bara\u201d koje \u0107e pokriti tro\u0161kove tretmana, puta i boravka za Darisa i njegovu porodicu.<\/p>","protected":false},"excerpt":{"rendered":"<p>Daris Jakupi\u00a0je trogodi\u0161nji dje\u010dak iz Bara koji je ro\u0111en sa te\u0161kom dijagnozom \u2013 Spina bifida, zbog koje nema kontrolu nad donjim ekstremitetima i nije u mogu\u0107nosti da hoda, saop\u0161teno je NVF Humanost.<\/p>","protected":false},"author":8,"featured_media":918320,"comment_status":"open","ping_status":"open","sticky":false,"template":"","format":"standard","meta":{"_acf_changed":false,"footnotes":"","jetpack_publicize_message":"","jetpack_publicize_feature_enabled":true,"jetpack_social_post_already_shared":false,"jetpack_social_options":{"image_generator_settings":{"template":"highway","default_image_id":0,"font":"","enabled":false},"version":2}},"categories":[9],"tags":[4856,2096],"naslovna":[],"class_list":["post-918319","post","type-post","status-publish","format-standard","has-post-thumbnail","hentry","category-drustvo","tag-humanost","tag-pomoc-2"],"acf":[],"jetpack_publicize_connections":[],"_links":{"self":[{"href":"https:\/\/gradski.me\/en\/wp-json\/wp\/v2\/posts\/918319","targetHints":{"allow":["GET"]}}],"collection":[{"href":"https:\/\/gradski.me\/en\/wp-json\/wp\/v2\/posts"}],"about":[{"href":"https:\/\/gradski.me\/en\/wp-json\/wp\/v2\/types\/post"}],"author":[{"embeddable":true,"href":"https:\/\/gradski.me\/en\/wp-json\/wp\/v2\/users\/8"}],"replies":[{"embeddable":true,"href":"https:\/\/gradski.me\/en\/wp-json\/wp\/v2\/comments?post=918319"}],"version-history":[{"count":0,"href":"https:\/\/gradski.me\/en\/wp-json\/wp\/v2\/posts\/918319\/revisions"}],"wp:featuredmedia":[{"embeddable":true,"href":"https:\/\/gradski.me\/en\/wp-json\/wp\/v2\/media\/918320"}],"wp:attachment":[{"href":"https:\/\/gradski.me\/en\/wp-json\/wp\/v2\/media?parent=918319"}],"wp:term":[{"taxonomy":"category","embeddable":true,"href":"https:\/\/gradski.me\/en\/wp-json\/wp\/v2\/categories?post=918319"},{"taxonomy":"post_tag","embeddable":true,"href":"https:\/\/gradski.me\/en\/wp-json\/wp\/v2\/tags?post=918319"},{"taxonomy":"naslovna","embeddable":true,"href":"https:\/\/gradski.me\/en\/wp-json\/wp\/v2\/naslovna?post=918319"}],"curies":[{"name":"wp","href":"https:\/\/api.w.org\/{rel}","templated":true}]}}