{"id":918312,"date":"2025-07-16T11:12:00","date_gmt":"2025-07-16T09:12:00","guid":{"rendered":"https:\/\/gradski.me\/uncategorized\/krivicne-prijave-zbog-zloupotrebe-polozaja-i-prevare-u-ad-vektra-boka-tvrde-da-je-steta-107-000-eura\/"},"modified":"2025-07-16T11:12:00","modified_gmt":"2025-07-16T09:12:00","slug":"krivicne-prijave-zbog-zloupotrebe-polozaja-i-prevare-u-ad-vektra-boka-tvrde-da-je-steta-107-000-eura","status":"publish","type":"post","link":"https:\/\/gradski.me\/en\/hronika\/krivicne-prijave-zbog-zloupotrebe-polozaja-i-prevare-u-ad-vektra-boka-tvrde-da-je-steta-107-000-eura\/","title":{"rendered":"Krivi\u010dne prijave zbog zloupotrebe polo\u017eaja i prevare u AD &#8222;Vektra Boka&#8220;: Tvrde da je \u0161teta 107.000 eura"},"content":{"rendered":"<p><br><\/p>\n\n\n\n<p>U prvoj prijavi terete se izvr\u0161ni direktor AD \u201eVektra Boka\u201d Milan Popovi\u0107 i \u0161ef pravne slu\u017ebe i sekretar Odbora direktora Ranko Grbavac da su svjesno propustili da ulo\u017ee prigovore na rje\u0161enja o izvr\u0161enju u predmetima vo\u0111enim protiv kompanije.<\/p>\n\n\n\n<p>Kako je saop\u0161teno iz Ellena grupe oni su napravili taj propust iako je Osnovni sud u Herceg Novom ranije ukinuo ove izvr\u0161ne postupke i povjerioce uputio na parni\u010dni postupak.<\/p>\n\n\n\n<p>Izvr\u0161ni direktor Milan Popovi\u0107 i Ranko Grbavac, \u0161ef pravne slu\u017ebe, svjesno su prikrili \u010dinjenicu da je sud donio rje\u0161enje kojim je usvojen prigovor izvr\u0161nog du\u017enika i povjerioce uputio da eventualna potra\u017eivanja ostvare kroz parni\u010dni postupak, \u010dime su Popovi\u0107 i Grbavac omogu\u0107ili da nova rje\u0161enja kroz izvr\u0161ni postupak postanu pravosna\u017ena i da se sprovede prinudna naplata, bez dodatnog sudskog parni\u010dnog preispitivanja &#8211; navode iz kompanije Ellena group, koja je manjinski akcionar \u201cVektra Boke\u201d.<\/p>\n\n\n\n<p>U drugoj prijavi, izvr\u0161ni povjerioci Dragan Spalevi\u0107 iz Budve i Mili\u0107 Popovi\u0107 iz Podgorice, terete se za krivi\u010dno djelo prevare.<\/p>\n\n\n\n<p>Oni su podnijeli predloge za izvr\u0161enje na osnovu obra\u010duna zarada koje sud prethodno nije prihvatio, jer je ocijenio da nemaju svojstvo izvr\u0161ne isprave, budu\u0107i da nisu bili potpisani od ovla\u0161\u0107enog lica. Mili\u0107 Popovi\u0107, kao biv\u0161i izvr\u0161ni direktor i sada\u0161nji povjerilac, bio je u o\u010diglednom sukobu interesa. I pored toga \u0161to su raniji zahtjevi za izvr\u0161enje bili odba\u010deni od strane suda, osumnji\u010deni su ih ponovo podnijeli, poku\u0161avaju\u0107i da sebi pribave protivpravnu imovinsku korist na \u0161tetu AD \u201eVektra Boka\u201c &#8211; tvrde u saop\u0161tenju.<\/p>\n\n\n\n<p>Isti\u010du da je Mili\u0107 Popovi\u0107 u isto vrijeme bio izvr\u0161ni direktor i \u010dlan Odbora direktora AD \u201eVektra Boka\u201c, \u0161to je zakonski nedozvoljeno.<\/p>\n\n\n\n<p>Napominjemo da je, nakon otvaranja ste\u010dajnog postupka u \u201eVektra Montenegro\u201c, ste\u010dajni upravnik Radojica Grba bio upoznat s pravnim i \u010dinjeni\u010dnim okolnostima ovih izvr\u0161nih postupaka. Kao upravnik ve\u0107inskog vlasnika AD \u201eVektra Boka\u201c, Grba je, po preuzimanju funkcije, bio du\u017ean da raspusti Odbor direktora AD \u201eVektra Boka\u201c, \u0161to nije u\u010dinio. Time su omogu\u0107eni dalji postupci tog tijela, uklju\u010duju\u0107i i propu\u0161tanje da se za\u0161tite interesi dru\u0161tva, \u010dime je indirektno omogu\u0107ena realizacija potra\u017eivanja u ukupnom iznosu od \u010dak 500.000 eura, \u0161to \u0107e biti predmet vje\u0161ta\u010denja &#8211; ukazali su.<\/p>\n\n\n\n<p>Kompanija &#8222;Ellena Group\u201c ve\u0107 je obavijestila Sudski savjet i Privredni sud Crne Gore o radu ste\u010dajnog upravnika Radojice Grbe. Krivi\u010dne prijave dostavljene su nadle\u017enom Tu\u017eila\u0161tvu.<\/p>","protected":false},"excerpt":{"rendered":"<p>Kompanija &#8222;Ellena Group\u201c iz Herceg Novog podnijela je dvije krivi\u010dne prijave protiv biv\u0161eg rukovodstva i izvr\u0161nih povjerilaca AD \u201eVektra Boka\u201c, optu\u017euju\u0107i ih za zloupotrebu slu\u017ebenog polo\u017eaja i prevaru u izvr\u0161nim postupcima \u010dija je ukupna vrijednost 107.000 eura.<\/p>","protected":false},"author":5,"featured_media":918313,"comment_status":"open","ping_status":"open","sticky":false,"template":"","format":"standard","meta":{"_acf_changed":false,"footnotes":"","jetpack_publicize_message":"","jetpack_publicize_feature_enabled":true,"jetpack_social_post_already_shared":false,"jetpack_social_options":{"image_generator_settings":{"template":"highway","default_image_id":0,"font":"","enabled":false},"version":2}},"categories":[10],"tags":[3644,3425],"naslovna":[],"class_list":["post-918312","post","type-post","status-publish","format-standard","has-post-thumbnail","hentry","category-hronika","tag-krivicne-prijave","tag-vektra-boka"],"acf":[],"jetpack_publicize_connections":[],"_links":{"self":[{"href":"https:\/\/gradski.me\/en\/wp-json\/wp\/v2\/posts\/918312","targetHints":{"allow":["GET"]}}],"collection":[{"href":"https:\/\/gradski.me\/en\/wp-json\/wp\/v2\/posts"}],"about":[{"href":"https:\/\/gradski.me\/en\/wp-json\/wp\/v2\/types\/post"}],"author":[{"embeddable":true,"href":"https:\/\/gradski.me\/en\/wp-json\/wp\/v2\/users\/5"}],"replies":[{"embeddable":true,"href":"https:\/\/gradski.me\/en\/wp-json\/wp\/v2\/comments?post=918312"}],"version-history":[{"count":0,"href":"https:\/\/gradski.me\/en\/wp-json\/wp\/v2\/posts\/918312\/revisions"}],"wp:featuredmedia":[{"embeddable":true,"href":"https:\/\/gradski.me\/en\/wp-json\/wp\/v2\/media\/918313"}],"wp:attachment":[{"href":"https:\/\/gradski.me\/en\/wp-json\/wp\/v2\/media?parent=918312"}],"wp:term":[{"taxonomy":"category","embeddable":true,"href":"https:\/\/gradski.me\/en\/wp-json\/wp\/v2\/categories?post=918312"},{"taxonomy":"post_tag","embeddable":true,"href":"https:\/\/gradski.me\/en\/wp-json\/wp\/v2\/tags?post=918312"},{"taxonomy":"naslovna","embeddable":true,"href":"https:\/\/gradski.me\/en\/wp-json\/wp\/v2\/naslovna?post=918312"}],"curies":[{"name":"wp","href":"https:\/\/api.w.org\/{rel}","templated":true}]}}