{"id":918188,"date":"2025-07-15T13:29:00","date_gmt":"2025-07-15T11:29:00","guid":{"rendered":"https:\/\/gradski.me\/uncategorized\/marta-batinovic-zavrsila-igracku-karijeru\/"},"modified":"2025-07-15T13:29:00","modified_gmt":"2025-07-15T11:29:00","slug":"marta-batinovic-zavrsila-igracku-karijeru","status":"publish","type":"post","link":"https:\/\/gradski.me\/en\/sport\/marta-batinovic-zavrsila-igracku-karijeru\/","title":{"rendered":"Marta Batinovi\u0107 zavr\u0161ila igra\u010dku karijeru"},"content":{"rendered":"<p><strong>Marta Batinovi\u0107&nbsp;<\/strong>obavijestila je predsjednika Rukometnog saveza Crne Gore&nbsp;<strong>Petra Kapisodu&nbsp;<\/strong>da je donijela odluku da zavr\u0161i igra\u010dku, time i karijeru u nacionalnom timu, za koji je sa velikim uspjehom nastupala od septembra 2019. kada je debitovala u kvalifikacionom duelu protiv Italije za EHF Euro 2020, dok je Svjetsko prvenstvo u Japanu u decembru iste godine prvo veliko takmi\u010denje na kojem je branila gol na\u0161eg tima.<\/p>\n\n\n\n<p>U prethodnih \u0161est godina, golmanka ro\u0111ena 20. aprila 1990. godine u Metkovi\u0107u, nosila je dres Crne Gore na prvenstvima Evrope i svijeta, a najve\u0107i uspjeh ostvarila je 2022. godine kada je bila \u010dlanica Lavica koje su osvojile bronzanu medalju na EHF Euro \u010diji doma\u0107ini su, pored na\u0161e dr\u017eave, bili Slovenija i Sjeverna Makedonija.<\/p>\n\n\n\n<p>Posljednji nastup u dresu sa dr\u017eavnim grbom upisala je u aprilu u bara\u017eu protiv Portugala, u kojem je Crna Gora sa dvije pobjede izborila nastup na Svjetskom prvenstvu koje se odr\u017eava krajem novembra ove godine.<\/p>\n\n\n\n<p><strong>\u201c\u0160est godina sam imala privilegiju da nosim dres Crne Gore i svaki put mi je bilo posebno zadovoljstvo \u0161to sam bila dio ove reprezentacije i imala priliku da budem uz djevojke koje su na najbolji na\u010din predstavljale dr\u017eavu na najve\u0107oj sceni. Na terenu i van njega uvijek smo bile kao porodica, a emocije koje sam do\u017eivjela u ovom dresu su neprocjenjive. Iako je do\u0161ao trenutak da zavr\u0161im reprezentativnu karijeru, moje srce ostaje uz Crnu Goru. Bi\u0107u uvijek tu da pru\u017eim podr\u0161ku mla\u0111im generacijama i uvjerena sam da za budu\u0107nost crnogorskog rukometa ne treba brinuti. Dolaze mlade i talentovane djevojke, naro\u010dito me\u0111u golmankama, koje \u0107e se pobrinuti da Crna Gora ostane dio rukometne elite\u201d<\/strong>, kazala je Batinovi\u0107.<\/p>\n\n\n\n<p>Rukometni savez Crne Gore izrazio je duboku zahvalnost Marti Batinovi\u0107 na svemu \u0161to je dala reprezentaciji, na borbenosti, posve\u0107enosti i strasti sa kojom je branila boje na\u0161e zemlje. <\/p>","protected":false},"excerpt":{"rendered":"<p>Jo\u0161 jedna djevojka koja je dala izuzetan doprinos u brojnim uspjesima \u017eenske rukometne reprezentacije Crne Gore, donijela je odluku da zavr\u0161i reprezentativnu karijeru.<\/p>","protected":false},"author":7,"featured_media":918189,"comment_status":"open","ping_status":"open","sticky":false,"template":"","format":"standard","meta":{"_acf_changed":false,"footnotes":"","jetpack_publicize_message":"","jetpack_publicize_feature_enabled":true,"jetpack_social_post_already_shared":false,"jetpack_social_options":{"image_generator_settings":{"template":"highway","default_image_id":0,"font":"","enabled":false},"version":2}},"categories":[15],"tags":[4631,1080],"naslovna":[],"class_list":["post-918188","post","type-post","status-publish","format-standard","has-post-thumbnail","hentry","category-sport","tag-marta-batinovic","tag-rscg"],"acf":[],"jetpack_publicize_connections":[],"_links":{"self":[{"href":"https:\/\/gradski.me\/en\/wp-json\/wp\/v2\/posts\/918188","targetHints":{"allow":["GET"]}}],"collection":[{"href":"https:\/\/gradski.me\/en\/wp-json\/wp\/v2\/posts"}],"about":[{"href":"https:\/\/gradski.me\/en\/wp-json\/wp\/v2\/types\/post"}],"author":[{"embeddable":true,"href":"https:\/\/gradski.me\/en\/wp-json\/wp\/v2\/users\/7"}],"replies":[{"embeddable":true,"href":"https:\/\/gradski.me\/en\/wp-json\/wp\/v2\/comments?post=918188"}],"version-history":[{"count":0,"href":"https:\/\/gradski.me\/en\/wp-json\/wp\/v2\/posts\/918188\/revisions"}],"wp:featuredmedia":[{"embeddable":true,"href":"https:\/\/gradski.me\/en\/wp-json\/wp\/v2\/media\/918189"}],"wp:attachment":[{"href":"https:\/\/gradski.me\/en\/wp-json\/wp\/v2\/media?parent=918188"}],"wp:term":[{"taxonomy":"category","embeddable":true,"href":"https:\/\/gradski.me\/en\/wp-json\/wp\/v2\/categories?post=918188"},{"taxonomy":"post_tag","embeddable":true,"href":"https:\/\/gradski.me\/en\/wp-json\/wp\/v2\/tags?post=918188"},{"taxonomy":"naslovna","embeddable":true,"href":"https:\/\/gradski.me\/en\/wp-json\/wp\/v2\/naslovna?post=918188"}],"curies":[{"name":"wp","href":"https:\/\/api.w.org\/{rel}","templated":true}]}}