{"id":917678,"date":"2025-07-12T16:39:00","date_gmt":"2025-07-12T14:39:00","guid":{"rendered":"https:\/\/gradski.me\/uncategorized\/culafic-sljedeci-korak-da-zastitimo-sinjajevinu\/"},"modified":"2025-07-12T16:39:00","modified_gmt":"2025-07-12T14:39:00","slug":"culafic-sljedeci-korak-da-zastitimo-sinjajevinu","status":"publish","type":"post","link":"https:\/\/gradski.me\/en\/drustvo\/culafic-sljedeci-korak-da-zastitimo-sinjajevinu\/","title":{"rendered":"\u0106ulafi\u0107: Sljede\u0107i korak da za\u0161titimo Sinjajevinu\u00a0"},"content":{"rendered":"<p><\/p>\n\n\n\n<p>Ova manifestacija dio je petog po redu kampa \u201cMladi za Sinja(je)vinu\u201d, koji organizuje Gra\u0111anska inicijativa Sa\u010duvajmo Sinjajevinu, uz podr\u0161ku me\u0111unarodne organizacije International Land Coalition (ILC).<\/p>\n\n\n\n<p>Ministar je kazao da je privilegija stajati na mjestu koje di\u0161e snagom prirode, tradicije i zajedni\u0161tva, &#8222;zato \u0161to duboko vjerujem da su mjesta poput ovog biseri Crne Gore.&#8220;<\/p>\n\n\n\n<p>&#8222;Sinjajevina je dom i ljudima, i biljkama, i rijetkim vrstama, i izvorima, i legendama. Nije ovo samo prostor, ovo je na\u010din \u017eivota. Ako ve\u0107 imamo tu sre\u0107u da \u017eivimo pored nje, imamo i obavezu da je sa\u010duvamo&#8220;, istakao je ministar \u0106ulafi\u0107.<\/p>\n\n\n\n<p>On je zahvalio mje\u0161tanima koji su, kako je rekao, \u201c\u010duvali planinu sve ovo vrijeme\u201d, isti\u010du\u0107i njihovu borbu u prvi plan, ali se tako\u0111e zahvalio i ministru odbrane, Draganu Krapovi\u0107u, na hrabrosti i odva\u017enosti da Vladi Crne Gore predlo\u017ei ukidanje odluke da se Sinjajevina pretvori u vojni poligon.&nbsp;<\/p>\n\n\n\n<p>&#8222;Ovim ste mi zajedno mnogo pomogli i stvorili ste preduslove da u okviru svojih ovla\u0161\u0107enja i mogu\u0107nosti, a u saradnji sa op\u0161tinama Kola\u0161in i Mojkovac, predlo\u017eim da se ovo podru\u010dje stavi pod poseban re\u017eim za\u0161tite. Na taj na\u010din \u0107emo je trajno sa\u010duvati&#8220;, poru\u010dio je \u0106ulafi\u0107.\u00a0<\/p>\n\n\n\n<p>Naglasio je da je Sinjajevina bogata sa 56 vrsta biljaka i \u017eivotinja koje ne postoje nigdje van Balkana, od toga 40 vrsta koje su od posebnog zna\u010daja za cijelu Crnu Goru.<\/p>\n\n\n\n<p>&#8222;Prostranstva bez saobra\u0107aja, bez buke, samo ti\u0161ina i vjetar. I sad zamislite da to nestane. Da sve to pretvorimo u zonu konflikta, u prostor bez du\u0161e. Zato danas ne govorim samo kao ministar. Govorim kao neko ko razumije da bez vas, bez ljudi koji ovdje \u017eive, koji je poznaju u du\u0161u nema prave za\u0161tite&#8220;, istakao je ministar.<\/p>\n\n\n\n<p>Ukazao je da znanje, iskustva i svakodnevica ljudi koji \u017eive na Sinjajevini moraju da budu utkani u ono \u0161to nazivamo \u201cza\u0161ti\u0107eno podru\u010dje\u201d.<\/p>\n\n\n\n<p>&#8222;Nije ideja da se planina zatvori, da se ljudi protjeraju ili ograni\u010de. Naprotiv. Prava za\u0161tita zna\u010di da ljudi \u017eive od prirode, ali tako da je ne uni\u0161te. Da je koriste s mjerom, kao \u0161to su to radili va\u0161i preci&#8220;, poru\u010dio je ministar.<\/p>\n\n\n\n<p>On je kazao da ga raduje \u0161to su upravo mladi u centru ovog kampa.<\/p>\n\n\n\n<p>&#8222;Vi ste nasljednici svega ovoga, vi ste sada ve\u0107 lideri. Generacija koja zna da koristi dron, da prepozna ljekovitu biljku, da organizuje kamp, i da napi\u0161e apel. To je ta kombinacija znanja i strasti koja je potrebna ovom prostoru&#8220;, naveo je ministar.<\/p>\n\n\n\n<p>Zahvalio je organizatorima \u2013 GI Sa\u010duvajmo Sinjajevinu i me\u0111unarodnoj organizaciji International Land Coalition \u2013 \u0161to su pokrenuli i otvorili kamp.<\/p>\n\n\n\n<p>&#8222;\u010cuvajte planinu, \u010duvajte jedni druge. I nikad ne zaboravite da ste vi ta snaga koja ovu zemlju vodi naprijed&#8220;, zaklju\u010dio je ministar \u0106ulafi\u0107.<\/p>","protected":false},"excerpt":{"rendered":"<p>Ministar ekologije, odr\u017eivog razvoja i razvoja sjevera Damjan \u0106ulafi\u0107, na poziv gra\u0111ana i organizatora, otvorio je edukativno-rekreativni kamp na Sinjajevini.<\/p>","protected":false},"author":1,"featured_media":917679,"comment_status":"open","ping_status":"open","sticky":false,"template":"","format":"standard","meta":{"_acf_changed":false,"footnotes":"","jetpack_publicize_message":"","jetpack_publicize_feature_enabled":true,"jetpack_social_post_already_shared":false,"jetpack_social_options":{"image_generator_settings":{"template":"highway","default_image_id":0,"font":"","enabled":false},"version":2}},"categories":[9],"tags":[355,178,17957],"naslovna":[],"class_list":["post-917678","post","type-post","status-publish","format-standard","has-post-thumbnail","hentry","category-drustvo","tag-damjan-culafic","tag-ministarstvo-ekologije-odrzivog-razvoja-i-razvoja-sjevera","tag-sinjajevina"],"acf":[],"jetpack_publicize_connections":[],"_links":{"self":[{"href":"https:\/\/gradski.me\/en\/wp-json\/wp\/v2\/posts\/917678","targetHints":{"allow":["GET"]}}],"collection":[{"href":"https:\/\/gradski.me\/en\/wp-json\/wp\/v2\/posts"}],"about":[{"href":"https:\/\/gradski.me\/en\/wp-json\/wp\/v2\/types\/post"}],"author":[{"embeddable":true,"href":"https:\/\/gradski.me\/en\/wp-json\/wp\/v2\/users\/1"}],"replies":[{"embeddable":true,"href":"https:\/\/gradski.me\/en\/wp-json\/wp\/v2\/comments?post=917678"}],"version-history":[{"count":0,"href":"https:\/\/gradski.me\/en\/wp-json\/wp\/v2\/posts\/917678\/revisions"}],"wp:featuredmedia":[{"embeddable":true,"href":"https:\/\/gradski.me\/en\/wp-json\/wp\/v2\/media\/917679"}],"wp:attachment":[{"href":"https:\/\/gradski.me\/en\/wp-json\/wp\/v2\/media?parent=917678"}],"wp:term":[{"taxonomy":"category","embeddable":true,"href":"https:\/\/gradski.me\/en\/wp-json\/wp\/v2\/categories?post=917678"},{"taxonomy":"post_tag","embeddable":true,"href":"https:\/\/gradski.me\/en\/wp-json\/wp\/v2\/tags?post=917678"},{"taxonomy":"naslovna","embeddable":true,"href":"https:\/\/gradski.me\/en\/wp-json\/wp\/v2\/naslovna?post=917678"}],"curies":[{"name":"wp","href":"https:\/\/api.w.org\/{rel}","templated":true}]}}