{"id":917644,"date":"2025-07-12T13:44:15","date_gmt":"2025-07-12T11:44:15","guid":{"rendered":"https:\/\/gradski.me\/uncategorized\/kadeti-deklasirali-bih-protiv-grcke-ili-sjeverne-makedonije-za-peto-mjesto\/"},"modified":"2025-07-12T13:44:15","modified_gmt":"2025-07-12T11:44:15","slug":"kadeti-deklasirali-bih-protiv-grcke-ili-sjeverne-makedonije-za-peto-mjesto","status":"publish","type":"post","link":"https:\/\/gradski.me\/en\/sport\/kadeti-deklasirali-bih-protiv-grcke-ili-sjeverne-makedonije-za-peto-mjesto\/","title":{"rendered":"Kadeti deklasirali BiH, protiv Gr\u010dke ili Sjeverne Makedonije za peto mjesto"},"content":{"rendered":"<p>Iako je prvi set bio izjedna\u010den do rezultata 5:5, na\u0161i momci su tada napravili impresivnu seriju od 12 uzastopnih poena (17:5), koju nisu uspjela da prekinu ni dva tajm-auta doma\u0107eg sastava. Crnogorski odbojka\u0161i su bez problema priveli set kraju i poveli 1:0, rezultatom 25:10.<\/p>\n\n\n\n<p>Sli\u010dan scenario vi\u0111en je i u drugom setu. \u201cCrveni\u201d su rano stekli prednost (14:6), ali je selekcija Bosne i Hercegovine pru\u017eila ve\u0107i otpor u zavr\u0161nici i smanjila zaostatak na samo dva poena razlike (20:18). Ipak, na\u0161i odbojka\u0161i su zadr\u017eali koncentraciju i priveli set kraju rezultatom 25:22, za vo\u0111stvo od 2:0.<\/p>\n\n\n\n<p>Bosna i Hercegovina je pru\u017eila svoju najbolju igru u tre\u0107em setu, ali to nije bilo dovoljno da ozbiljnije ugrozi Crnu Goru. Na\u0161i reprezentativci su sigurnom igrom do\u0161li i do tre\u0107eg seta, koji su rije\u0161ili u svoju korist rezultatom 25:18, \u010dime su potvrdili zaslu\u017eenu pobjedu.<\/p>\n\n\n\n<p>Crnogorski tim sjutra o\u010dekuje borba za peto mjesto na prvenstvu, a protivnik \u0107e biti bolji tim iz duela Gr\u010dka \u2013 Sjeverna Makedonija.<\/p>\n\n\n\n<h3 class=\"wp-block-heading\"><strong>BOSNA I HERCEGOVINA \u2013 CRNA GORA 0:3<\/strong> <strong>(10:25, 22:25, 18:25)<\/strong><\/h3>\n\n\n\n<p>Banja Luka \u2013 SC \u201cBorik\u201d.<\/p>\n\n\n\n<p>Bosna i Hercegovina:&nbsp;<strong>Krasi\u0107, Keki\u0107, Spasojevi\u0107, Andri\u0107 (libero), D\u017eafi\u0107, Daci\u0107, Murti\u0107, Nijeme\u010devi\u0107, \u010cau\u0161evi\u0107, I\u0161i\u0107, Ibramipa\u0161i\u0107, Dogi\u0107 (libero), \u0106orovi\u0107, Oprasi\u0107.&nbsp;<\/strong>Selector:<strong>&nbsp;Mi\u0161o Marjanovi\u0107.<\/strong><\/p>\n\n\n\n<p>Montenegro:&nbsp;<strong>Mujovi\u0107 (libero), A. Radi\u0107, Milo\u0161evi\u0107, Konatar, F. Milosavljevi\u0107, Poleksi\u0107, Kova\u010devi\u0107, P. Milosavljevi\u0107 (libero), Stanojevi\u0107, Gavrilovi\u0107, Grupkovi\u0107, Loji\u0107, F. Radi\u0107, \u010celebi\u0107<\/strong>. Selector:&nbsp;<strong>Dejan Radi\u0107.<\/strong><a href=\"https:\/\/beachvolley.me\/prijava-za-ucesce\/\" target=\"_blank\" rel=\"noreferrer noopener\"><\/a><\/p>","protected":false},"excerpt":{"rendered":"<p>Mu\u0161ka kadetska odbojka\u0161ka reprezentacija Crne Gore zabilje\u017eila je ubjedljivu pobjedu protiv selekcije Bosne i Hercegovine 3:0 (25:10, 25:22, 25:18), u okviru razigravanja za plasman od 5. do 8. mjesta na U19 Balkanskom prvenstvu.\u00a0<\/p>","protected":false},"author":7,"featured_media":917009,"comment_status":"open","ping_status":"open","sticky":false,"template":"","format":"standard","meta":{"_acf_changed":false,"footnotes":"","jetpack_publicize_message":"","jetpack_publicize_feature_enabled":true,"jetpack_social_post_already_shared":false,"jetpack_social_options":{"image_generator_settings":{"template":"highway","default_image_id":0,"font":"","enabled":false},"version":2}},"categories":[15],"tags":[8477,21388,21022,21389],"naslovna":[],"class_list":["post-917644","post","type-post","status-publish","format-standard","has-post-thumbnail","hentry","category-sport","tag-banjaluka","tag-muska-kadetska-odbojkaska-reprezentacija-bosne-i-hercegovine","tag-muska-kadetska-odbojkaska-reprezentacija-crne-gore","tag-u19-balkansko-prvenstvo-u-odbojci"],"acf":[],"jetpack_publicize_connections":[],"_links":{"self":[{"href":"https:\/\/gradski.me\/en\/wp-json\/wp\/v2\/posts\/917644","targetHints":{"allow":["GET"]}}],"collection":[{"href":"https:\/\/gradski.me\/en\/wp-json\/wp\/v2\/posts"}],"about":[{"href":"https:\/\/gradski.me\/en\/wp-json\/wp\/v2\/types\/post"}],"author":[{"embeddable":true,"href":"https:\/\/gradski.me\/en\/wp-json\/wp\/v2\/users\/7"}],"replies":[{"embeddable":true,"href":"https:\/\/gradski.me\/en\/wp-json\/wp\/v2\/comments?post=917644"}],"version-history":[{"count":0,"href":"https:\/\/gradski.me\/en\/wp-json\/wp\/v2\/posts\/917644\/revisions"}],"wp:featuredmedia":[{"embeddable":true,"href":"https:\/\/gradski.me\/en\/wp-json\/wp\/v2\/media\/917009"}],"wp:attachment":[{"href":"https:\/\/gradski.me\/en\/wp-json\/wp\/v2\/media?parent=917644"}],"wp:term":[{"taxonomy":"category","embeddable":true,"href":"https:\/\/gradski.me\/en\/wp-json\/wp\/v2\/categories?post=917644"},{"taxonomy":"post_tag","embeddable":true,"href":"https:\/\/gradski.me\/en\/wp-json\/wp\/v2\/tags?post=917644"},{"taxonomy":"naslovna","embeddable":true,"href":"https:\/\/gradski.me\/en\/wp-json\/wp\/v2\/naslovna?post=917644"}],"curies":[{"name":"wp","href":"https:\/\/api.w.org\/{rel}","templated":true}]}}