{"id":917499,"date":"2025-07-11T17:22:00","date_gmt":"2025-07-11T15:22:00","guid":{"rendered":"https:\/\/gradski.me\/uncategorized\/zecevic-radovi-na-novom-parkingu-u-bloku-v-kostali-220-hiljada-eura-gradjani-ce-parking-moci-da-koriste-vec-od-sjutra\/"},"modified":"2025-07-11T17:22:00","modified_gmt":"2025-07-11T15:22:00","slug":"zecevic-radovi-na-novom-parkingu-u-bloku-v-kostali-220-hiljada-eura-gradjani-ce-parking-moci-da-koriste-vec-od-sjutra","status":"publish","type":"post","link":"https:\/\/gradski.me\/en\/podgorica\/zecevic-radovi-na-novom-parkingu-u-bloku-v-kostali-220-hiljada-eura-gradjani-ce-parking-moci-da-koriste-vec-od-sjutra\/","title":{"rendered":"Ze\u010devi\u0107: Radovi na novom parkingu u Bloku V ko\u0161tali 220 hiljada eura, gra\u0111ani \u0107e parking mo\u0107i da koriste ve\u0107 od sjutra"},"content":{"rendered":"<p><\/p>\n\n\n\n<p>&#8220;Ovdje je jedan poslovni centar, uvijek je gu\u017eva kao \u0161to je svugdje u gradu i nedostaje parking mjesta. Doprinos op\u0161tinske lokalne samouprave je da se napravi parking na ovoj op\u0161tinskoj parceli sa 220 mjesta, otprilike 220 hiljada eura okvirno. Naravno, tu su jo\u0161 dodaci za ovo \u0161to su kolege radile zelenilo i rasvjetu&#8220;, naveo je direktor GP \u201ePutevi\u201c <strong>Rados Zecevic<\/strong>.<\/p>\n\n\n\n<p>Na ovaj na\u010din ne samo da se rje\u0161ava pitanje parkinga u gradu, ve\u0107 i sre\u0111uju zapu\u0161tene povr\u0161ine, ka\u017ee Ze\u010devi\u0107.&nbsp;<\/p>\n\n\n\n<p>&#8220;Naravno da ovo puno zna\u010di i sami vidite koliko \u0107e to biti komforno. Potrudili smo se da bude u fulu rasvjeta i zelenilo, bi\u0107e i lijepo i komforno, bar \u0107e se ovi ljudi ovdje \u0107e se rasteretiti od gu\u017evi \u0161to se ti\u010de parking mjesta. Kolege iz Zelenila \u0107e \u0107o\u0161kom na ova ostrva zasaditi neko prikladno drve\u0107e. Kolege iz rasvjete su uradile svoj dio posla&#8220;, istakao je Ze\u010devi\u0107.<\/p>\n\n\n\n<figure class=\"wp-block-image size-large\"><img decoding=\"async\" src=\"https:\/\/rtvpg.me\/wp-content\/uploads\/2025\/07\/Capture-20-1024x438.jpg\" alt=\"\" class=\"wp-image-790877\" title=\"\"><figcaption class=\"wp-element-caption\">Photo: <strong>Gradski.me<\/strong><\/figcaption><\/figure>\n\n\n\n<p>Gra\u0111ani \u0107e parking prostor u Bloku V mo\u0107i da koriste ve\u0107 od sjutra, poru\u010dio je Ze\u010devi\u0107.<\/p>\n\n\n\n<figure class=\"wp-block-embed is-type-video is-provider-youtube wp-block-embed-youtube wp-embed-aspect-16-9 wp-has-aspect-ratio\"><div class=\"wp-block-embed__wrapper\">\n<iframe title=\"Ze\u010devi\u0107: Radovi na novom parkingu u Bloku V ko\u0161tali 220 hiljada eura\" width=\"800\" height=\"450\" src=\"https:\/\/www.youtube.com\/embed\/k4Y7Q9kEuDY?feature=oembed\" frameborder=\"0\" allow=\"accelerometer; autoplay; clipboard-write; encrypted-media; gyroscope; picture-in-picture; web-share\" referrerpolicy=\"strict-origin-when-cross-origin\" allowfullscreen><\/iframe>\n<\/div><\/figure>\n\n\n\n<p><\/p>","protected":false},"excerpt":{"rendered":"<p>Na parceli izme\u0111u tr\u017enog centra Bazar i obli\u017enjih stambenih zgrada u naselju Blok V, radnici preduze\u0107a Putevi zavr\u0161ili su novi parking prostor.<\/p>","protected":false},"author":1,"featured_media":917500,"comment_status":"open","ping_status":"open","sticky":false,"template":"","format":"standard","meta":{"_acf_changed":false,"footnotes":"","jetpack_publicize_message":"","jetpack_publicize_feature_enabled":true,"jetpack_social_post_already_shared":false,"jetpack_social_options":{"image_generator_settings":{"template":"highway","default_image_id":0,"font":"","enabled":false},"version":2}},"categories":[6],"tags":[16806,689,4812,4569,21],"naslovna":[],"class_list":["post-917499","post","type-post","status-publish","format-standard","has-post-thumbnail","hentry","category-podgorica","tag-blok-5","tag-gradjani","tag-parking","tag-rados-zecevic","tag-radovi"],"acf":[],"jetpack_publicize_connections":[],"_links":{"self":[{"href":"https:\/\/gradski.me\/en\/wp-json\/wp\/v2\/posts\/917499","targetHints":{"allow":["GET"]}}],"collection":[{"href":"https:\/\/gradski.me\/en\/wp-json\/wp\/v2\/posts"}],"about":[{"href":"https:\/\/gradski.me\/en\/wp-json\/wp\/v2\/types\/post"}],"author":[{"embeddable":true,"href":"https:\/\/gradski.me\/en\/wp-json\/wp\/v2\/users\/1"}],"replies":[{"embeddable":true,"href":"https:\/\/gradski.me\/en\/wp-json\/wp\/v2\/comments?post=917499"}],"version-history":[{"count":0,"href":"https:\/\/gradski.me\/en\/wp-json\/wp\/v2\/posts\/917499\/revisions"}],"wp:featuredmedia":[{"embeddable":true,"href":"https:\/\/gradski.me\/en\/wp-json\/wp\/v2\/media\/917500"}],"wp:attachment":[{"href":"https:\/\/gradski.me\/en\/wp-json\/wp\/v2\/media?parent=917499"}],"wp:term":[{"taxonomy":"category","embeddable":true,"href":"https:\/\/gradski.me\/en\/wp-json\/wp\/v2\/categories?post=917499"},{"taxonomy":"post_tag","embeddable":true,"href":"https:\/\/gradski.me\/en\/wp-json\/wp\/v2\/tags?post=917499"},{"taxonomy":"naslovna","embeddable":true,"href":"https:\/\/gradski.me\/en\/wp-json\/wp\/v2\/naslovna?post=917499"}],"curies":[{"name":"wp","href":"https:\/\/api.w.org\/{rel}","templated":true}]}}