{"id":917190,"date":"2025-07-10T13:43:00","date_gmt":"2025-07-10T11:43:00","guid":{"rendered":"https:\/\/gradski.me\/uncategorized\/ura-ce-podrzati-izmjene-zakona-za-povoljniji-odlazak-pripadnika-sluzbe-zastite-i-spasavanja-u-penziju\/"},"modified":"2025-07-10T13:43:00","modified_gmt":"2025-07-10T11:43:00","slug":"ura-ce-podrzati-izmjene-zakona-za-povoljniji-odlazak-pripadnika-sluzbe-zastite-i-spasavanja-u-penziju","status":"publish","type":"post","link":"https:\/\/gradski.me\/en\/politika\/ura-ce-podrzati-izmjene-zakona-za-povoljniji-odlazak-pripadnika-sluzbe-zastite-i-spasavanja-u-penziju\/","title":{"rendered":"URA \u0107e podr\u017eati izmjene Zakona za povoljniji odlazak pripadnika slu\u017ebe za\u0161tite i spa\u0161avanja u penziju"},"content":{"rendered":"<p><\/p>\n\n\n\n<p>Navedeno pravo se mo\u017ee ostvariti na osnovu podnijetog li\u010dnog zahtjeva i uz saglasnost komandira slu\u017ebe za\u0161tite do 31. decembra 2025. godine.<\/p>\n\n\n\n<p>Imaju\u0107i u vidu visoku starosnu strukturu pripadnika slu\u017ebe za\u0161tite, veliki broj tih lica bi iskoristio pravo na penziju po povla\u0161\u0107enim uslovima, \u0161to bi dovelo do kadrovskog deficita u slu\u017ebi za\u0161tite. Zbog toga je izmjenama Zakona predvi\u0111eno i produ\u017eenje roka za ostvarivanje prava na penziju po povla\u0161\u0107enim uslovima do 31. decembra 2028. godine kako bi se u teku\u0107oj godini sprije\u010dio veliki odliv pripadnika slu\u017ebe za\u0161tite i u narednom periodu obu\u010dio nedostaju\u0107i kadar.<\/p>\n\n\n\n<p>Iz URE isti\u010du da su vatrogasci na\u0161i istinski heroji koji su nebrojeno puta do sada rizikuju\u0107i svoje \u017eivote spa\u0161avali na\u0161u imovinu, \u017eivote i prirodna bogatstva zbog \u010dega i zaslu\u017euje mnogo povoljnije uslove za odlazak u peniziju.&nbsp;<\/p>\n\n\n\n<p>Zaklju\u010duju i da bi dr\u017eava morala pokazati ve\u0107i obzir prema svima njima, prije svega pobolj\u0161ati im status, ali i obezbijediti mnogo bolje uslove i opremu koja \u0107e im omogu\u0107iti efikasnije i bezbjednije ga\u0161enje po\u017eara koji su, na\u017ealost, sve u\u010destaliji.<\/p>\n\n\n\n<p><\/p>","protected":false},"excerpt":{"rendered":"<p>Poslani\u010dki klub Gra\u0111anskog pokreta URA podr\u017ea\u0107e izmjene Zakona o za\u0161titi i spa\u0161avanju kojima se propisuje da pripadnici slu\u017ebe za\u0161tite mogu ostvariti pravo na penziju ako navr\u0161e najmanje 50 godina \u017eivota i 30 godina sta\u017ea osiguranja, od kojih najmanje 10 godina efektivno provedenih na poslovima na kojima se sta\u017e osiguranja ra\u010duna sa uve\u0107anim trajanjem.<\/p>","protected":false},"author":5,"featured_media":915609,"comment_status":"open","ping_status":"open","sticky":false,"template":"","format":"standard","meta":{"_acf_changed":false,"footnotes":"","jetpack_publicize_message":"","jetpack_publicize_feature_enabled":true,"jetpack_social_post_already_shared":false,"jetpack_social_options":{"image_generator_settings":{"template":"highway","default_image_id":0,"font":"","enabled":false},"version":2}},"categories":[7],"tags":[3475,10060,237],"naslovna":[],"class_list":["post-917190","post","type-post","status-publish","format-standard","has-post-thumbnail","hentry","category-politika","tag-penzije","tag-sluzba-zastite","tag-zakon"],"acf":[],"jetpack_publicize_connections":[],"_links":{"self":[{"href":"https:\/\/gradski.me\/en\/wp-json\/wp\/v2\/posts\/917190","targetHints":{"allow":["GET"]}}],"collection":[{"href":"https:\/\/gradski.me\/en\/wp-json\/wp\/v2\/posts"}],"about":[{"href":"https:\/\/gradski.me\/en\/wp-json\/wp\/v2\/types\/post"}],"author":[{"embeddable":true,"href":"https:\/\/gradski.me\/en\/wp-json\/wp\/v2\/users\/5"}],"replies":[{"embeddable":true,"href":"https:\/\/gradski.me\/en\/wp-json\/wp\/v2\/comments?post=917190"}],"version-history":[{"count":0,"href":"https:\/\/gradski.me\/en\/wp-json\/wp\/v2\/posts\/917190\/revisions"}],"wp:featuredmedia":[{"embeddable":true,"href":"https:\/\/gradski.me\/en\/wp-json\/wp\/v2\/media\/915609"}],"wp:attachment":[{"href":"https:\/\/gradski.me\/en\/wp-json\/wp\/v2\/media?parent=917190"}],"wp:term":[{"taxonomy":"category","embeddable":true,"href":"https:\/\/gradski.me\/en\/wp-json\/wp\/v2\/categories?post=917190"},{"taxonomy":"post_tag","embeddable":true,"href":"https:\/\/gradski.me\/en\/wp-json\/wp\/v2\/tags?post=917190"},{"taxonomy":"naslovna","embeddable":true,"href":"https:\/\/gradski.me\/en\/wp-json\/wp\/v2\/naslovna?post=917190"}],"curies":[{"name":"wp","href":"https:\/\/api.w.org\/{rel}","templated":true}]}}