{"id":917100,"date":"2025-07-10T08:27:51","date_gmt":"2025-07-10T06:27:51","guid":{"rendered":"https:\/\/gradski.me\/uncategorized\/koprivica-crna-gora-pokazala-cvrstu-politicku-volju-da-se-uhvati-u-kostac-sa-svercom-dnevno-se-unisti-35-tona-duvana\/"},"modified":"2025-07-10T08:27:51","modified_gmt":"2025-07-10T06:27:51","slug":"koprivica-crna-gora-pokazala-cvrstu-politicku-volju-da-se-uhvati-u-kostac-sa-svercom-dnevno-se-unisti-35-tona-duvana","status":"publish","type":"post","link":"https:\/\/gradski.me\/en\/politika\/koprivica-crna-gora-pokazala-cvrstu-politicku-volju-da-se-uhvati-u-kostac-sa-svercom-dnevno-se-unisti-35-tona-duvana\/","title":{"rendered":"Koprivica: Crna Gora pokazala \u010dvrstu politi\u010dku volju da se uhvati u ko\u0161tac sa \u0161vercom; Dnevno se uni\u0161ti 35 tona duvana"},"content":{"rendered":"<p><\/p>\n\n\n\n<p><\/p>\n\n\n\n<p><\/p>\n\n\n\n<p>Koprivica je ukazao da se u ovih 13 radnih dana postupak realizuje planiranom dinamikom i u skladu sa Odlukom Vlade. Prema rije\u010dima Koprivice ovo je istorijski postupak za Crnu Goru jer je pokazana \u010dvrsta politi\u010dka volja da se dr\u017eava uhvati u ko\u0161tac sa krijum\u010darenjem i \u0161vercom.<\/p>\n\n\n\n<p>\u201cOvo nije tehni\u010dki proces ve\u0107 manifestacija sna\u017ene volje i poruka da Crna Gora vi\u0161e nije meka za \u0161verc i uto\u010di\u0161te za \u0161vercere, ovim procesom se institucije vra\u0107aju gra\u0111anima i u funkciju zakona, a ne privatnih interesa. Godinama se govorilo da dr\u017eava ne mo\u017ee iza\u0107i na kraj sa duvanskom mafijom. Pokazujemo da mo\u017ee i ovo je prelomna ta\u010dka u borbi protiv duvanske mafije i u borbi za pravnu dr\u017eavu\u201d, kazao je Koprivica.<\/p>\n\n\n\n<p>Prema njegovim rije\u010dima uni\u0161tenje koje sprovode je ure\u0111en i kredibilan proces, zasnovan na me\u0111unarodnom partnerstvu i u vezi sa tim u ime Vlade izrazio zahvalnost na kontinuiranoj podr\u0161ci britanskoj ambasadi u Podgorici i ambasadi EU, te posebno Upravi prihoda i carina Njegovog Veli\u010danstva (HMRC) na pravnoj i operativnoj pomo\u0107i i uspostavljanju metodologije koja garantuje transparentnost i vjerodostojnost, a sve to ukazuje i na punu spremnost Crne Gore za me\u0111unarodno partnerstvo u borbi protiv transnacionalnog kriminala i korupcije.<\/p>\n\n\n\n<p>\u201cOvim postupkom sprovodimo evropsku agendu i evropske standarde i dokazujemo spremnost za zatvaranje klju\u010dnih poglavlja u pregovorima sa EU. Uni\u0161tenje \u0161vercovanog duvana \u0161titi regularnu privredu koja donosi akcizni prihod u bud\u017eet. Ovim procesom dr\u017eava ne gubi, ve\u0107 dobija\u201d, rekao je Koprivica.<\/p>\n\n\n\n<p>On je poru\u010dio da u Crnoj Gori vi\u0161e niko nije iznad zakona, te da ni sivo ni crno tr\u017ei\u0161te vi\u0161e ne u\u017eivaju privilegije ni imunitet.<\/p>\n\n\n\n<p>\u201cUni\u0161tenjem \u0161vercovanog duvana, na licu mjesta, upotrebom savremenih industrijskih drobilica i pod video nadzorom, \u0161vercovani duvan smo pretvorili iz izvora mo\u0107i OKG u dokaz njihove slabosti&#8220;, kazao je Koprivica.<\/p>\n\n\n\n<p> Na kraju svog obra\u0107anja izrazio je zahvalnost carinskim i policijskim slu\u017ebenicima, kao i radnicima Deponije d.o.o na posve\u0107enom radu u interesu dr\u017eave.<\/p>\n\n\n\n<p>Ambasadorka Velike Britanije Don Meken je istakla da joj je veoma drago \u0161to je danas ovdje, i \u0161to svjedo\u010di procesu koji predstavlja vrlo va\u017ean korak za Crnu Goru u borbi protiv organizovanog kriminala.<\/p>\n\n\n\n<p>\u201cVlada Crne Gore je pokazala odlu\u010dnost u naporima da sprovede uni\u0161tenje oduzetog duvana na na\u010din koji osigurava transparentnost i kredibilnost, i drago mi je \u0161to je Ujedinjeno Kraljevstvo pomoglo u tim naporima. Tim slu\u017ebenika HMRC vr\u0161i dnevni monitoring i doprinio je definisanju operativnog plana koji slu\u017ei kao osnova za proces uni\u0161tenja. Tako\u0111e mi je izrazito drago \u0161to smo na ovom projektu sara\u0111ivali sa Delegacijom Evropske unije i programom EUROL 4, koji su prepoznali strate\u0161ki zna\u010daj ove aktivnosti\u201d, poru\u010dila je na kraju ambasadorka Don Meken.<\/p>\n\n\n\n<p>Ingve Egstroem<strong>,<\/strong>&nbsp;u ime delegacije EU u Crnoj Gori ukazao je prilikom posjete da je \u201cOvo dobar dan za Crnu Goru. Borba protiv organizovanog kriminala zahtijeva prakti\u010dan pristup i kredibilne rezultate. EU \u0107e nastaviti da sna\u017eno podr\u017eava Crnu Goru u oblasti vladavine prava.\u201d<\/p>\n\n\n\n<p>Vd direktora Uprave carina Maja Vu\u010dini\u0107, nakon \u0161to je zahvalila britanskoj ambasadi, ambasadi EU i slu\u017ebenima HMRC, istakla je da uni\u0161tenje, koje je po\u010delo 23.juna, te\u010de planiranom dinamikom, u skladu sa va\u017ee\u0107im propisima i postavljenom metodologijom, te da je na dan 8. jul 2025. godine uni\u0161teno 325 tona ili 21000 paketa.<\/p>\n\n\n\n<p>Vu\u010dini\u0107 je poru\u010dila da se postupkom uni\u0161tenja duvana \u0161alje poruka da dr\u017eava ne\u0107e tolerisati kr\u0161enje zakona, a ovim se vra\u0107a po povjerenje u institucije i vladavinu prava, te \u0161tite finansijski interesi Crne Gore. Prema njenim rije\u010dima Uprava carina je preduzela sve aktivnosti, iz svoje nadle\u017enosti u cilju neometanog po\u010detka i realizacije uni\u0161tenja duvana.<\/p>\n\n\n\n<p>\u201cUprava carina je sa izabranim privrednim dru\u0161tvom zaklju\u010dila ugovor o sprovo\u0111enju postupka uni\u0161tenja i odlaganja otpada u roku od 90 dana. Uni\u0161tenje, kako navodi Vu\u010dini\u0107, sprovodi preduze\u0107e koje raspola\u017ee potrebnom infrastruktrom, tehni\u010dkom opremom i svim dozvolama od Agencije za za\u0161titu \u017eivotne sredine, a pod nadzorom je tima koji je formiralo Koordinaciono tijelo\u201d, zaklju\u010dila je Vu\u010dini\u0107.<\/p>\n\n\n\n<p>Izvr\u0161ni direktor Deponije d.o.o Aleksandar Bo\u017eovi\u0107 upoznao je na po\u010detku prisutne sa procesom rada, a zatim istakao da je prije svega zahvalan na povjerenju \u0161to im je ukazala Vlada CG, da istorijski posao dodijeli Podgori\u010dkoj Deponiji.<\/p>\n\n\n\n<p>Proces uni\u0161tenja, prema rije\u010dima Bo\u017eovi\u0107a je vrlo jedonostavan i efikasan, svaki komad u svom fabri\u010dkom pakovanju, odnosno u paketima i celofanu budu samljeveni u krugu skladi\u0161ta.<\/p>\n\n\n\n<p>\u201cTako pretvoren u prah do faze neprepoznatljivosti i neupotrebljivost, mije\u0161an sa kartonom i ostalim materijalima bude transportovan u posebnim uslovima i uz policijsku pratnju, do sanitarne deponije, gdje se dnevne koli\u010dine od oko 35 tona uni\u0161tenog duvana mije\u0161aju sa ostalim komunalnim otpadom koji do\u0111e tog dana, okvirno 350 tona dnevno i zajedno se sve prekriva sa materijalima predvi\u0111enim za tu namjenu. U krajnjem, dolazimo do situacije da je nemogu\u0107e iskoristiti ni najmanju koli\u010dinu uni\u0161tenog i oduzetog duvana\u201d, istakao je Bo\u017eovi\u0107.<\/p>","protected":false},"excerpt":{"rendered":"<p>Skladi\u0161te u Slobodnoj zoni Luka Bar u kojem se odvija postupak uni\u0161tenja zaplijenjenog duvana, obi\u0161li su u zajedni\u010dkoj posjeti potpredsjednik Vlade za politi\u010dki sistem, pravosu\u0111e i antikorupciju\u00a0Momo Koprivica, ambasadorka Velike Britanije u Crnoj Gori\u00a0Don Meken, \u0161ef kooperacija u ambasadi EU u Crnoj Gori\u00a0Ingve Egstroem, direktorica Uprave carina\u00a0Maja Vu\u010dini\u0107.\u00a0Tom prilikom je bio prisutan i izvr\u0161ni direktor podgori\u010dke Deponije d.o.o, koja je izvo\u0111a\u010d radova, Aleksandar Bo\u017eovi\u0107.<\/p>","protected":false},"author":8,"featured_media":917101,"comment_status":"open","ping_status":"open","sticky":false,"template":"","format":"standard","meta":{"_acf_changed":false,"footnotes":"","jetpack_publicize_message":"","jetpack_publicize_feature_enabled":true,"jetpack_social_post_already_shared":false,"jetpack_social_options":{"image_generator_settings":{"template":"highway","default_image_id":0,"font":"","enabled":false},"version":2}},"categories":[7],"tags":[3010,15519],"naslovna":[],"class_list":["post-917100","post","type-post","status-publish","format-standard","has-post-thumbnail","hentry","category-politika","tag-koprivica","tag-politicka-volja"],"acf":[],"jetpack_publicize_connections":[],"_links":{"self":[{"href":"https:\/\/gradski.me\/en\/wp-json\/wp\/v2\/posts\/917100","targetHints":{"allow":["GET"]}}],"collection":[{"href":"https:\/\/gradski.me\/en\/wp-json\/wp\/v2\/posts"}],"about":[{"href":"https:\/\/gradski.me\/en\/wp-json\/wp\/v2\/types\/post"}],"author":[{"embeddable":true,"href":"https:\/\/gradski.me\/en\/wp-json\/wp\/v2\/users\/8"}],"replies":[{"embeddable":true,"href":"https:\/\/gradski.me\/en\/wp-json\/wp\/v2\/comments?post=917100"}],"version-history":[{"count":0,"href":"https:\/\/gradski.me\/en\/wp-json\/wp\/v2\/posts\/917100\/revisions"}],"wp:featuredmedia":[{"embeddable":true,"href":"https:\/\/gradski.me\/en\/wp-json\/wp\/v2\/media\/917101"}],"wp:attachment":[{"href":"https:\/\/gradski.me\/en\/wp-json\/wp\/v2\/media?parent=917100"}],"wp:term":[{"taxonomy":"category","embeddable":true,"href":"https:\/\/gradski.me\/en\/wp-json\/wp\/v2\/categories?post=917100"},{"taxonomy":"post_tag","embeddable":true,"href":"https:\/\/gradski.me\/en\/wp-json\/wp\/v2\/tags?post=917100"},{"taxonomy":"naslovna","embeddable":true,"href":"https:\/\/gradski.me\/en\/wp-json\/wp\/v2\/naslovna?post=917100"}],"curies":[{"name":"wp","href":"https:\/\/api.w.org\/{rel}","templated":true}]}}