{"id":917008,"date":"2025-07-09T17:28:05","date_gmt":"2025-07-09T15:28:05","guid":{"rendered":"https:\/\/gradski.me\/uncategorized\/kadeti-srusili-vicesampiona-evrope\/"},"modified":"2025-07-09T17:28:05","modified_gmt":"2025-07-09T15:28:05","slug":"kadeti-srusili-vicesampiona-evrope","status":"publish","type":"post","link":"https:\/\/gradski.me\/en\/sport\/kadeti-srusili-vicesampiona-evrope\/","title":{"rendered":"Kadeti sru\u0161ili vice\u0161ampiona Evrope"},"content":{"rendered":"<p>Tim selektora Dejana Radi\u0107a imao je veliku prednost i dobar ritam u duelu sa selekcijom koja je bila druga na Evropskom prvenstvu za igra\u010de do 17 godina u Podgorici, 2023, ali je morao da se dobro pomu\u010di za uvodnu pobjedu na turniru, do koje je do\u0161ao nakon vi\u0161e od dva i po sata odbojke.<\/p>\n\n\n\n<p>Odli\u010dno otvaranje Balkanijade u Banjaluci, uprkos po\u010detnih 7:2 za Bugarsku. Sustigli su izabranici\u00a0<strong>Dejan Radi\u0107<\/strong>\u00a0rivale na 11:11, a od 14:13 preuzeli vo\u0111stvo, koje do kraja seta nisu ispu\u0161tali. Ono je raslo do +6, a u zavr\u0161nici seta nije bilo problema, pa je Crna Gora povela sa 25:20.<\/p>\n\n\n\n<p>U fantasti\u010dnom ritmu na\u0161i kadeti nastavili su i u drugom setu, u kom su odmah uspostavili kontrolu, a Bugarska je jurila \u201ecrvene\u201c do samog kraja. Ponovo smireno, iskusno, Crna Gora je povela 2:0, sa 25:21 u drugom setu.<\/p>\n\n\n\n<p>Djelovalo je da \u0107e Crna Gora otvoriti Balkansko prvenstvo senzacionalnom maksimalnom pobjedom, po\u0161to je na\u0161 tim rano stekao nekoliko poena prednosti. Bugarska je izjedna\u010dila na 5:5, preokrenula na 7:6 i od tada su na\u0161i odbojka\u0161i bili u zaostatku. U \u017eelji da zavr\u0161e me\u010d u tri seta vr\u0161ili su pritisak, ali je Bugarska uspjela da osvoji drugu set loptu i sa 25:23 smanji na 2:1.<\/p>\n\n\n\n<p>Sli\u010dan razvoj situacije i u \u010detvrtom setu, u kom su Bugari igrali na mnogo vi\u0161em nivou, i istom mjerom uzvratili. Uz \u010detiri poena prednosti na kraju seta izjedna\u010dili su na 2:2 i utakmicu odveli u taj-brejk.<\/p>\n\n\n\n<p>U njemu, sjajan otpor na\u0161ih kadeta protiv jednog od najboljih evropskih timova u konkurenciji igra\u010da do 19 godina. Crna Gora je povela 3:1, ali je uslijedio odgovor nakon tajm-auta, i preokret na 5:4, a Bugarska je +2 prvi put stekla prije promjene strana \u2013 8:6. Uprkos svemu, \u201ecrveni\u201c se nisu predavali. Zaostatak od 13:7, ritam koji je bio na strani rivala, njegov renome \u2013 sve je bilo protiv njih. U prelomnim momentima \u2013 \u0161est vezanih poena Crne Gore i veliki povratak na 13:13, a potom spa\u0161ena me\u010d lopta i fenomenalna dva bloka za kraj i veliku pobjedu.<\/p>\n\n\n\n<p>Do nje Crna Gora je do\u0161la timskom igrom, a poenterski su se istakli najiskusniji \u2013&nbsp;<strong>Luka Lojic<\/strong>&nbsp;sa 24 poena i&nbsp;<strong>Vuk Stanojevic<\/strong>&nbsp;sa dva manje. Po devet poena osvojili su&nbsp;<strong>Filip Milosavljevic<\/strong>&nbsp;i&nbsp;<strong>Uro\u0161 Konatar<\/strong>.Nakon fenomenalne pobjede,&nbsp;<strong>Radi\u0107eve<\/strong>&nbsp;momke \u010deka jo\u0161 jedan evropski velikan \u2013 selekcija&nbsp;<strong>Srbije<\/strong>, sa kojom \u0107e se sastati u drugom kolu, sjutra od 13 sati.<\/p>\n\n\n\n<h3 class=\"wp-block-heading\">BUGARSKA \u2013 CRNA GORA 2:3 (20:25, 21:25, 23:25, 21:25, 14:16)<\/h3>\n\n\n\n<p>Banja Luka \u2013 SC \u201cBorik\u201d.<\/p>\n\n\n\n<p>Bugarska:&nbsp;<strong>Ivanov, Nikolaev 10, Dobrev (libero), Marinov 11, Uzunov 7, Rangelov, Tiholov (libero), Konstatinov 17, Gospodarski, Manolev 10, Mihovski, Totkov 5, Marinski 4, Pej\u010dinov 7<\/strong>. Selector:&nbsp;<strong>Miroslav \u017divkov.<\/strong><\/p>\n\n\n\n<p>Montenegro:&nbsp;<strong>Mujovi\u0107 (libero), A. Radi\u0107 1, Milo\u0161evi\u0107 5, Konatar 9, F. Milosavljevi\u0107 9, Poleksi\u0107, Kova\u010devi\u0107, P. Milosavljevi\u0107 (libero), Stanojevi\u0107 22, Gavrilovi\u0107, Grupkovi\u0107, Loji\u0107 24, F. Radi\u0107, \u010celebi\u0107 7<\/strong>. Selector:&nbsp;<strong>Dejan Radi\u0107.<\/strong><a href=\"https:\/\/beachvolley.me\/prijava-za-ucesce\/\" target=\"_blank\" rel=\"noreferrer noopener\"><\/a><\/p>","protected":false},"excerpt":{"rendered":"<p>Nakon jednog od najve\u0107ih trijumfa u istoriji crnogorske \u017eenske odbojke, stigao je jo\u0161 jedan fantasti\u010dan rezultat! Mu\u0161ka U19 odbojka\u0161ka reprezentacija Crne Gore pobijedila je Bugarsku 3:2 (25:20, 25:21, 23:25, 21:25, 16:14) na otvaranju Balkanskog prvenstva u Banjaluci.<\/p>","protected":false},"author":7,"featured_media":917009,"comment_status":"open","ping_status":"open","sticky":false,"template":"","format":"standard","meta":{"_acf_changed":false,"footnotes":"","jetpack_publicize_message":"","jetpack_publicize_feature_enabled":true,"jetpack_social_post_already_shared":false,"jetpack_social_options":{"image_generator_settings":{"template":"highway","default_image_id":0,"font":"","enabled":false},"version":2}},"categories":[15],"tags":[21174,8477,21175,21022],"naslovna":[],"class_list":["post-917008","post","type-post","status-publish","format-standard","has-post-thumbnail","hentry","category-sport","tag-balkansko-prvenstvo-u-odbojci-za-igrace-do-19-godina","tag-banjaluka","tag-muska-kadetska-odbojkaska-reprezentacija-bugarske","tag-muska-kadetska-odbojkaska-reprezentacija-crne-gore"],"acf":[],"jetpack_publicize_connections":[],"_links":{"self":[{"href":"https:\/\/gradski.me\/en\/wp-json\/wp\/v2\/posts\/917008","targetHints":{"allow":["GET"]}}],"collection":[{"href":"https:\/\/gradski.me\/en\/wp-json\/wp\/v2\/posts"}],"about":[{"href":"https:\/\/gradski.me\/en\/wp-json\/wp\/v2\/types\/post"}],"author":[{"embeddable":true,"href":"https:\/\/gradski.me\/en\/wp-json\/wp\/v2\/users\/7"}],"replies":[{"embeddable":true,"href":"https:\/\/gradski.me\/en\/wp-json\/wp\/v2\/comments?post=917008"}],"version-history":[{"count":0,"href":"https:\/\/gradski.me\/en\/wp-json\/wp\/v2\/posts\/917008\/revisions"}],"wp:featuredmedia":[{"embeddable":true,"href":"https:\/\/gradski.me\/en\/wp-json\/wp\/v2\/media\/917009"}],"wp:attachment":[{"href":"https:\/\/gradski.me\/en\/wp-json\/wp\/v2\/media?parent=917008"}],"wp:term":[{"taxonomy":"category","embeddable":true,"href":"https:\/\/gradski.me\/en\/wp-json\/wp\/v2\/categories?post=917008"},{"taxonomy":"post_tag","embeddable":true,"href":"https:\/\/gradski.me\/en\/wp-json\/wp\/v2\/tags?post=917008"},{"taxonomy":"naslovna","embeddable":true,"href":"https:\/\/gradski.me\/en\/wp-json\/wp\/v2\/naslovna?post=917008"}],"curies":[{"name":"wp","href":"https:\/\/api.w.org\/{rel}","templated":true}]}}