{"id":916995,"date":"2025-07-09T16:59:43","date_gmt":"2025-07-09T14:59:43","guid":{"rendered":"https:\/\/gradski.me\/uncategorized\/denkovic-novo-pojacanje-mornara\/"},"modified":"2025-07-09T16:59:43","modified_gmt":"2025-07-09T14:59:43","slug":"denkovic-novo-pojacanje-mornara","status":"publish","type":"post","link":"https:\/\/gradski.me\/en\/sport\/denkovic-novo-pojacanje-mornara\/","title":{"rendered":"Denkovi\u0107 novo poja\u010danje Mornara"},"content":{"rendered":"<p>Ro\u0111eni Beogra\u0111anin se tako vra\u0107a u crnogorski fudbal poslije dvije godine nakon epizoda u Igmanu iz Konjica i Radniku iz Bijeljine. <\/p>\n\n\n\n<p>&#8222;Iskusni napada\u010d Stefan Denkovi\u0107 dolazi iz Radnika iz Bijeljine, a prethodno je blistao u dresu Igmana iz Konjica, gdje na 47 me\u010deva, postigao 14 golova i upisao sedam asistencija. \u0160kolovan u Crvenoj zvezdi, nosio dres Vojvodine, Spartaka, Sutjeske&#8230; ali i nastupao \u0161irom Evrope i Azije: Izrael, Gruzija, Kazahstan, Ma\u0111arska, Poljska. Igra na krilnim pozicijama, ali podjednako razara i kao ofanzivni vezni. Stefan Denkovi\u0107 je potpisao ugovor na godinu dana&#8220;, stoji u objavi Mornara. <\/p>\n\n\n\n<p><\/p>","protected":false},"excerpt":{"rendered":"<p>Crnogorski fudbaler Stefan Denkovi\u0107 (34) novo je poja\u010danje Mornara iz Bara, potvrdio je klub sa &#8222;Topolice&#8220;.<\/p>","protected":false},"author":7,"featured_media":916996,"comment_status":"open","ping_status":"open","sticky":false,"template":"","format":"standard","meta":{"_acf_changed":false,"footnotes":"","jetpack_publicize_message":"","jetpack_publicize_feature_enabled":true,"jetpack_social_post_already_shared":false,"jetpack_social_options":{"image_generator_settings":{"template":"highway","default_image_id":0,"font":"","enabled":false},"version":2}},"categories":[15],"tags":[623,21168],"naslovna":[],"class_list":["post-916995","post","type-post","status-publish","format-standard","has-post-thumbnail","hentry","category-sport","tag-fk-mornar","tag-stefan-denkovic"],"acf":[],"jetpack_publicize_connections":[],"_links":{"self":[{"href":"https:\/\/gradski.me\/en\/wp-json\/wp\/v2\/posts\/916995","targetHints":{"allow":["GET"]}}],"collection":[{"href":"https:\/\/gradski.me\/en\/wp-json\/wp\/v2\/posts"}],"about":[{"href":"https:\/\/gradski.me\/en\/wp-json\/wp\/v2\/types\/post"}],"author":[{"embeddable":true,"href":"https:\/\/gradski.me\/en\/wp-json\/wp\/v2\/users\/7"}],"replies":[{"embeddable":true,"href":"https:\/\/gradski.me\/en\/wp-json\/wp\/v2\/comments?post=916995"}],"version-history":[{"count":0,"href":"https:\/\/gradski.me\/en\/wp-json\/wp\/v2\/posts\/916995\/revisions"}],"wp:featuredmedia":[{"embeddable":true,"href":"https:\/\/gradski.me\/en\/wp-json\/wp\/v2\/media\/916996"}],"wp:attachment":[{"href":"https:\/\/gradski.me\/en\/wp-json\/wp\/v2\/media?parent=916995"}],"wp:term":[{"taxonomy":"category","embeddable":true,"href":"https:\/\/gradski.me\/en\/wp-json\/wp\/v2\/categories?post=916995"},{"taxonomy":"post_tag","embeddable":true,"href":"https:\/\/gradski.me\/en\/wp-json\/wp\/v2\/tags?post=916995"},{"taxonomy":"naslovna","embeddable":true,"href":"https:\/\/gradski.me\/en\/wp-json\/wp\/v2\/naslovna?post=916995"}],"curies":[{"name":"wp","href":"https:\/\/api.w.org\/{rel}","templated":true}]}}