{"id":916985,"date":"2025-07-09T16:11:00","date_gmt":"2025-07-09T14:11:00","guid":{"rendered":"https:\/\/gradski.me\/uncategorized\/koprivica-pred-sudom-ova-optuznica-je-sramota-policije-i-tuzilastva\/"},"modified":"2025-07-09T16:11:00","modified_gmt":"2025-07-09T14:11:00","slug":"koprivica-pred-sudom-ova-optuznica-je-sramota-policije-i-tuzilastva","status":"publish","type":"post","link":"https:\/\/gradski.me\/en\/hronika\/koprivica-pred-sudom-ova-optuznica-je-sramota-policije-i-tuzilastva\/","title":{"rendered":"Koprivica pred sudom: Ova optu\u017enica je sramota policije i tu\u017eila\u0161tva"},"content":{"rendered":"<p><\/p>\n\n\n\n<p>Sudskim vije\u0107em na ovom ro\u010di\u0161tu predsjedavao je sudija&nbsp;<strong>Nenad Vujanovi\u0107,<\/strong>&nbsp;\u010dlanovi vije\u0107a su bili sudija<strong>&nbsp;Sonja Kekovi\u0107 i Veljko Radovanovi\u0107.&nbsp;<\/strong>Kontroli optu\u017enice, zbog preuzetih radnih obaveza, nije prisustvovala tu\u017eiteljka<strong>&nbsp;Tanja \u010colan Dereti\u0107.<\/strong><\/p>\n\n\n\n<p><strong>Du\u0161ko Koprivica&nbsp;<\/strong>je u obra\u0107anju sudu kazao da \u0107e dokazati svoju istinu.<\/p>\n\n\n\n<p>&#8211; Ja vas molim, zahtjevam, da prihvatite optu\u017enicu, da ja onda iznesem svoju istinu. Ova optu\u017enica je sramota i za policiju i za tu\u017eila\u0161tvo. Utamni\u010dili su&nbsp;me sedam mjeseci da bi na\u0161li izgovor da \u0107u da pobjegnem. O\u010digledno je da sam ja trofej, plijen, da bi neki njihov politi\u010dar rekao da nema nedodirljivih &#8211; istakao je&nbsp;<strong>Du\u0161ko Koprivica<\/strong>&nbsp;pred sudom.<\/p>\n\n\n\n<p>On je podsjetio da je 2024. izdao knjigu o odre\u0111enim de\u0161avanjima u Crnoj Gori, u kojoj je naveo odre\u0111ena imena i da&nbsp;su tada \u0107utali oni koji su njega sada uhapsili i da ga tada niko nije prozvao.<\/p>\n\n\n\n<p>&#8211; Oni ne\u0107e da shvate da \u010dovjek ima psihi\u010dki problem, Tigar. Ve\u0107 ih sti\u017ee bo\u017eija kazna. Ispada da je samo istina \u0161to ka\u017eu politi\u010dari.&nbsp;Nisu mi na\u0161li ni profesionalnu, ni&nbsp;moralnu, ni li\u010dnu odgovornost a bio sam na mjestima gdje su \u010dela pucala. Tri puta su mi za \u0161est mjeseci pretresali ku\u0107u i to u periodu za koji je u optu\u017enici navedeno da je novac bio sakriven kod mene ku\u0107i. I nisu ga na\u0161li, nisu na\u0161li ni\u0161ta. Bili su i sa psima &#8211; kazao je&nbsp;<strong>Du\u0161ko Koprivica.<\/strong><\/p>\n\n\n\n<p>On je naveo da nije smatrao da on treba da pita zeta&nbsp;<strong>Du\u0161ka Roganovi\u0107a<\/strong>&nbsp;odakle mu novac i da je<strong>&nbsp;Du\u0161ko Roganovi\u0107<\/strong>&nbsp;bio slobodan u periodu koji je predmet ove optu\u017enice i da nije bio tada osumnji\u010deo lice.<\/p>\n\n\n\n<p>&#8211; Upravo \u0161to sam nevin i nisam izvr\u0161io krivi\u010dno djelo predla\u017eem sudu da potvrdi optu\u017enicu, kako bih imao priliku da hronolo\u0161ki iznesem i doka\u017eem svoju istinu. Ova optu\u017enica je rezultat politi\u010dkog pritiska, da se ja kao dugogodi\u0161nji visoki slu\u017ebenik policije optu\u017eim za neko krivi\u010dno djelo, kako bih slu\u017eio kao trofej. Policija i Specijalno dr\u017eavno tu\u017eila\u0161tvo su neprofesionalno odradili svom posao,&nbsp;u pritvoru me dr\u017ee bez dokaza. Ja sam znao da je porodica moga zeta imu\u0107na. Meni nije palo na pamet da pitam za novac. O\u010digledno je da hajka na mene kre\u0107e kada sam pomenuo lica koja su se prepoznala. Ja znam svoju istinu i upravo zbog toga predla\u017eem da sud potvrdi optu\u017enicu da bih istinu dokazao i hronolo\u0161ki saop\u0161tio &#8211;&nbsp; poru\u010dio je&nbsp;<strong>Du\u0161ko Koprivica.<\/strong><\/p>\n\n\n\n<p>Njegov sin&nbsp;<strong>Strahinja<\/strong>&nbsp;i supruga&nbsp;<strong>Radosava Koprivica<\/strong>&nbsp;bili su saglasni sa navodima njihovog advokata&nbsp;<strong>Danila Mi\u0107ovi\u0107a.<\/strong><\/p>\n\n\n\n<p>Lawyer&nbsp;<strong>Mi\u0107ovi\u0107&nbsp;<\/strong>je vi\u0161e puta pred sudom naveo da ova optu\u017enica ne sadr\u017ei ni jedan dokaz. On je ukazao&nbsp;da osumnji\u010deni nisu u\u010destvovali ni u jednoj spornoj komunikaciji povodom novca. Advokat je i na ovom ro\u010di\u0161tu, koje se vodi po optu\u017enici koja se zasniva na SKY komunikaciji a kao i na sli\u010dnim ro\u010di\u0161tima, detaljno istu osporio i istakao za\u0161to ne mo\u017ee biti dokaz. Ukazao je da nije isto ako se neko negdje pominje i ako neko negdje komunicira. Advokat je naveo da je SKY pribavljen hakovanjem i da se radi o masovnom nadzoru. Dodao je da je sve to suprotno Zakonu i Ustavu Crne Gore i da u na\u0161oj dr\u017eavi to predstavlja krivi\u010dno djelo.&nbsp;<\/p>\n\n\n\n<p>Lawyer&nbsp;<strong>Mi\u0107ovi\u0107<\/strong>&nbsp;je vi\u0161e puta sudu ukazao da nema ni dokaza ni osnovane sumnje protiv njegovih branjenika.&nbsp;<\/p>\n\n\n\n<p>&#8211; Tu\u017eilac pau\u0161alno, proizvoljno&nbsp;trvdi da su oni znali da postoji neki novac koji ne poti\u010de iz legalnih tokova i da su ga stavili u legalne tokove. Novca nema, nije prona\u0111en na mjestima na kojima se trvdilo da je navodno \u010duvan u ku\u0107i i dvori\u0161tu Koprivica. U spisima predmeta ne postoji ni jedan materijalni dokaz koji bi potvrdio tvrdnje tu\u017eila\u0161tva.&nbsp;Ova optu\u017enica nije opravdana i nije zasnovana na zakonu &#8211; istakao je izme\u0111u ostalog advokat&nbsp;<strong>Danilo Mi\u0107ovi\u0107.<\/strong><\/p>\n\n\n\n<p>Podsje\u0107amo,\u00a0<strong>Du\u0161ko Koprivica<\/strong>, biv\u0161i visoki funkcioner policije, obratio se ranije reagovanjem javnosti, medijima i nadle\u017enima iz sektora bezbjednosti, tu\u017eila\u0161tva i pravosu\u0111a. On je, izme\u0111u ostalog,\u00a0u tom dopisi naveo da ga lancima ne\u0107e upla\u0161iti niko i da je re\u017eiser njegovih hap\u0161enja samozvani Tigar.<\/p>\n\n\n\n<p>Podsje\u0107amo, Specijalno dr\u017eavno tu\u017eila\u0161tvo saop\u0161tilo je da je podiglo optu\u017enicu protiv \u010detiri osumnji\u010dena za pranje novca. SDT je podiglo podiglo optu\u017enicu protiv Du\u0161ka Roganovi\u0107a, Du\u0161ka Koprivice, Strahinje Koprivice zbog produ\u017eenog krivi\u010dnog djela pranje novca u iznosu od najmanje 964.850 eura.<\/p>\n\n\n\n<p>&#8211; Specijalno dr\u017eavno tu\u017eila\u0161tvo je, Specijalnom odjeljenju Vi\u0161eg suda u Podgorici, nakon zavr\u0161ene istrage, predalo optu\u017enicu protiv okrivljenih: D.R., D.K., R.K. i S.K., za produ\u017eeno krivi\u010dno djelo pranje novca u iznosu od najmanje 964.850 eura, u\u010dinjeno u Crnoj Gori, u periodu od oktobra 2019. godine i dalje &#8211; naveli su ranije iz SDT.<\/p>","protected":false},"excerpt":{"rendered":"<p>Pred podgori\u010dkim Vi\u0161im sudom danas je odr\u017eana kontrola optu\u017enice protiv Du\u0161ka Koprivice, Radosave Kopirvice, Strahinje Koprivice i Du\u0161ka Roganovi\u0107a.<\/p>","protected":false},"author":1,"featured_media":915844,"comment_status":"open","ping_status":"open","sticky":false,"template":"","format":"standard","meta":{"_acf_changed":false,"footnotes":"","jetpack_publicize_message":"","jetpack_publicize_feature_enabled":true,"jetpack_social_post_already_shared":false,"jetpack_social_options":{"image_generator_settings":{"template":"highway","default_image_id":0,"font":"","enabled":false},"version":2}},"categories":[10],"tags":[10700,4796,174,380],"naslovna":[],"class_list":["post-916985","post","type-post","status-publish","format-standard","has-post-thumbnail","hentry","category-hronika","tag-dusko-koprivica","tag-optuznica","tag-policija","tag-tuzilastvo"],"acf":[],"jetpack_publicize_connections":[],"_links":{"self":[{"href":"https:\/\/gradski.me\/en\/wp-json\/wp\/v2\/posts\/916985","targetHints":{"allow":["GET"]}}],"collection":[{"href":"https:\/\/gradski.me\/en\/wp-json\/wp\/v2\/posts"}],"about":[{"href":"https:\/\/gradski.me\/en\/wp-json\/wp\/v2\/types\/post"}],"author":[{"embeddable":true,"href":"https:\/\/gradski.me\/en\/wp-json\/wp\/v2\/users\/1"}],"replies":[{"embeddable":true,"href":"https:\/\/gradski.me\/en\/wp-json\/wp\/v2\/comments?post=916985"}],"version-history":[{"count":0,"href":"https:\/\/gradski.me\/en\/wp-json\/wp\/v2\/posts\/916985\/revisions"}],"wp:featuredmedia":[{"embeddable":true,"href":"https:\/\/gradski.me\/en\/wp-json\/wp\/v2\/media\/915844"}],"wp:attachment":[{"href":"https:\/\/gradski.me\/en\/wp-json\/wp\/v2\/media?parent=916985"}],"wp:term":[{"taxonomy":"category","embeddable":true,"href":"https:\/\/gradski.me\/en\/wp-json\/wp\/v2\/categories?post=916985"},{"taxonomy":"post_tag","embeddable":true,"href":"https:\/\/gradski.me\/en\/wp-json\/wp\/v2\/tags?post=916985"},{"taxonomy":"naslovna","embeddable":true,"href":"https:\/\/gradski.me\/en\/wp-json\/wp\/v2\/naslovna?post=916985"}],"curies":[{"name":"wp","href":"https:\/\/api.w.org\/{rel}","templated":true}]}}