{"id":916811,"date":"2025-07-09T08:25:00","date_gmt":"2025-07-09T06:25:00","guid":{"rendered":"https:\/\/gradski.me\/uncategorized\/makron-francuska-i-velika-britanija-ce-spasiti-evropu\/"},"modified":"2025-07-09T08:25:00","modified_gmt":"2025-07-09T06:25:00","slug":"makron-francuska-i-velika-britanija-ce-spasiti-evropu","status":"publish","type":"post","link":"https:\/\/gradski.me\/en\/svijet\/makron-francuska-i-velika-britanija-ce-spasiti-evropu\/","title":{"rendered":"Makron: Francuska i Velika Britanija \u0107e spasiti Evropu"},"content":{"rendered":"<p><\/p>\n\n\n\n<p><\/p>\n\n\n\n<p>Makron je, na po\u010detku svoje trodnevne posjete Londonu, rekao da Evropa mora da oja\u010da svoju ekonomiju i odbranu i smanji zavisnost, kako je naveo, \u201ci od Sjedinjenih Ameri\u010dkih Dr\u017eava (SAD) i od Kine\u201d.<\/p>\n\n\n\n<p>On je u govoru poslanicima oba doma britanskog parlamenta rekao da dvije zemlje predstavljaju \u201csvjetski poredak zasnovan na pravu, pravdi i po\u0161tovanju teritorijalnog integriteta, poredak koji se danas svakodnevno napada\u201d.<\/p>\n\n\n\n<p>\u201cVelika Britanija i Francuska moraju jo\u0161 jednom da poka\u017eu svijetu da na\u0161 savez mo\u017ee da napravi veliku razliku\u201d, rekao je Makron i dodao da \u0107e one \u201cspasiti Evropu svojim primjerom i solidarno\u0161\u0107u\u201d.<\/p>\n\n\n\n<p>Makron je dodao da Velika Britanija, iako je napustila EU 2020. godine, \u201cne mo\u017ee ostati po strani\u201d.<\/p>\n\n\n\n<p>\u201cOdbrana, bezbjednost, konkurentnost i demokratija, kao sama su\u0161tina na\u0161eg identiteta, povezane su \u0161irom Evrope kao kontinenta\u201d, naveo je on.<\/p>\n\n\n\n<p>Makron je tako\u0111e izjavio da je Velika Britanija strate\u0161ki partner, saveznik i prijatelj njegove zemlje, \u010dime je otpo\u010deo trodnevnu posjetu Londonu.<\/p>\n\n\n\n<p>\u201cNa\u0161a veza (Francuske i Velike Britanije) je dugogodi\u0161nja, skovana istorijom i oja\u010dana povjerenjem\u201d, napisao je on na Iksu.<\/p>\n\n\n\n<p>Makron je u trodnevnu posjetu Londonu do\u0161ao ju\u010de na poziv kralja \u010carlsa III, \u0161to je prva posjeta nekog evropskog zvani\u010dnika Velikoj Britaniji otkako je ona iza\u0161la iz Evropske unije (EU) 2020. godine.<\/p>\n\n\n\n<p>On bi, tokom posjete, trebalo da sa zvani\u010dnicima razgovara o migracijama, odbrani i investicijama.<\/p>\n\n\n\n<p>Makron \u0107e se, tokom posjete, sastati sa premijerom Velike Britanije&nbsp;<strong>Kirom Starmerom<\/strong>&nbsp; i razgovarati o unapre\u0111enju formiranja bezbjednosnih snaga u Ukrajini nakon prekida vatre sa Rusijom.<\/p>\n\n\n\n<p>Starmer i Makron su do sada tijesno sara\u0111ivali kako bi pove\u0107ali podr\u0161ku Ukrajini i oja\u010dali njenu odbranu evropskim vojnicima.<\/p>\n\n\n\n<p>Sjedinjene Ameri\u010dke Dr\u017eave (SAD) su ravnodu\u0161ne prema toj ideji, a Rusija i dalje ne prestaje sa napadima na Ukrajinu, koji traju od 2022. godine.<\/p>\n\n\n\n<p>Makrona i njegovu suprugu Bri\u017eit su, u bazi Kraljevskog vazduhoplovstva, do\u010dekali nasljednik britanske krune princ&nbsp;<strong>Vilijam<\/strong>&nbsp;i njegova supruga&nbsp;<strong>Ketrin<\/strong>.<\/p>\n\n\n\n<p>Njega su kasnije, u zamku Vindzor, do\u010dekali kralj&nbsp;<strong>\u010carls<\/strong>&nbsp;i kraljica&nbsp;<strong>Kamila<\/strong>, dok je vojni orkestar intonirao britansku i francusku himnu.<\/p>\n\n\n\n<p>Kralj i kraljica bi trebalo da pripreme dr\u017eavni banket za bra\u010dni par Makron i druge goste.<\/p>\n\n\n\n<p>Britanska kraljevska porodica je posljednji put posjetila Francusku 2023. godine.<\/p>\n\n\n\n<p>O\u010dekuje se da kralj \u010carls ne\u0107e pri\u010dati o politici, sa izuzetkom da apeluje na me\u0111unarodnu saradnju, a on je saop\u0161tio da se Francuska i Velika Britanija suo\u010davaju sa \u201cmno\u0161tvom slo\u017eenih prijetnji koje ne poznaju granice\u201d, kao i da ih od njih \u201cne mo\u017ee za\u0161tititi nijedna tvr\u0111ava\u201d.<\/p>\n\n\n\n<p>Makron bi trebalo da razgovara sa premijerom Starmerom o spre\u010davanju migranata da kanal Laman\u0161 prelaze malim \u010damcima.<\/p>\n\n\n\n<p>Velika Britanija je, u posljednjih nekoliko godina, sklopila nekoliko sporazuma sa Francuskom o pove\u0107anju kontrole na pla\u017eama i razmjeni obavje\u0161tajnih podataka, kako bi suzbila grupe krijum\u010dara.<\/p>\n\n\n\n<p>Starmerova vlada obe\u0107ala je da \u0107e rasformirati te grupe, za koje se sumnja da se bave trgovinom ljudima.<\/p>","protected":false},"excerpt":{"rendered":"<p>Predsjednik Francuske\u00a0Emanuel Makron\u00a0pozvao je ju\u010de Veliku Britaniju da ostane bliska svojim susjedima uprkos izlasku iz Evropske unije (EU) i rekao da \u0107e Francuska i Velika Britanija \u201cspasti Evropu\u201d svojim zalaganjem za demokratiju, pravnu dr\u017eavu i me\u0111unarodni poredak.<\/p>","protected":false},"author":8,"featured_media":916812,"comment_status":"open","ping_status":"open","sticky":false,"template":"","format":"standard","meta":{"_acf_changed":false,"footnotes":"","jetpack_publicize_message":"","jetpack_publicize_feature_enabled":true,"jetpack_social_post_already_shared":false,"jetpack_social_options":{"image_generator_settings":{"template":"highway","default_image_id":0,"font":"","enabled":false},"version":2}},"categories":[14],"tags":[5709,481],"naslovna":[],"class_list":["post-916811","post","type-post","status-publish","format-standard","has-post-thumbnail","hentry","category-svijet","tag-makron","tag-svijet"],"acf":[],"jetpack_publicize_connections":[],"_links":{"self":[{"href":"https:\/\/gradski.me\/en\/wp-json\/wp\/v2\/posts\/916811","targetHints":{"allow":["GET"]}}],"collection":[{"href":"https:\/\/gradski.me\/en\/wp-json\/wp\/v2\/posts"}],"about":[{"href":"https:\/\/gradski.me\/en\/wp-json\/wp\/v2\/types\/post"}],"author":[{"embeddable":true,"href":"https:\/\/gradski.me\/en\/wp-json\/wp\/v2\/users\/8"}],"replies":[{"embeddable":true,"href":"https:\/\/gradski.me\/en\/wp-json\/wp\/v2\/comments?post=916811"}],"version-history":[{"count":0,"href":"https:\/\/gradski.me\/en\/wp-json\/wp\/v2\/posts\/916811\/revisions"}],"wp:featuredmedia":[{"embeddable":true,"href":"https:\/\/gradski.me\/en\/wp-json\/wp\/v2\/media\/916812"}],"wp:attachment":[{"href":"https:\/\/gradski.me\/en\/wp-json\/wp\/v2\/media?parent=916811"}],"wp:term":[{"taxonomy":"category","embeddable":true,"href":"https:\/\/gradski.me\/en\/wp-json\/wp\/v2\/categories?post=916811"},{"taxonomy":"post_tag","embeddable":true,"href":"https:\/\/gradski.me\/en\/wp-json\/wp\/v2\/tags?post=916811"},{"taxonomy":"naslovna","embeddable":true,"href":"https:\/\/gradski.me\/en\/wp-json\/wp\/v2\/naslovna?post=916811"}],"curies":[{"name":"wp","href":"https:\/\/api.w.org\/{rel}","templated":true}]}}