{"id":916727,"date":"2025-07-08T19:17:00","date_gmt":"2025-07-08T17:17:00","guid":{"rendered":"https:\/\/gradski.me\/uncategorized\/medjunarodni-krivicni-sud-izdao-nalog-za-hapsenje-vodje-talibana-u-avganistanu\/"},"modified":"2025-07-08T19:17:00","modified_gmt":"2025-07-08T17:17:00","slug":"medjunarodni-krivicni-sud-izdao-nalog-za-hapsenje-vodje-talibana-u-avganistanu","status":"publish","type":"post","link":"https:\/\/gradski.me\/en\/svijet\/medjunarodni-krivicni-sud-izdao-nalog-za-hapsenje-vodje-talibana-u-avganistanu\/","title":{"rendered":"Me\u0111unarodni krivi\u010dni sud izdao nalog za hap\u0161enje vo\u0111e talibana u Avganistanu"},"content":{"rendered":"<p><\/p>\n\n\n\n<p>U saop\u0161tenju Pretresnog vije\u0107a MKS-a navodi se da postoji osnovana sumnja da su Akhundzada i Hakani po\u010dinili zlo\u010din protiv \u010dovje\u010dnosti u vidu progona, izdavanjem nare\u0111enja, podsticanjem ili podr\u017eavanjem diskriminatornih politika usmjerenih protiv \u017eena, djevoj\u010dica i drugih koji se ne uklapaju u talibansku viziju rodnog identiteta ili izra\u017eavanja.<\/p>\n\n\n\n<p>Vije\u0107e je navelo da su ta djela, po\u010dinjena od 15. augusta 2021, kada su talibani preuzeli kontrolu nad Avganistanom, pa do najmanje 20. januara ove godine, predstavljala \u0161iroko rasprostranjena i sistematska kr\u0161enja osnovnih prava i sloboda.<\/p>\n\n\n\n<p>Prema MKS-u, talibansko rukovodstvo je sprovodilo politike koje su ozbiljno uskra\u0107ivale osnovna prava \u017eena i djevoj\u010dica, uklju\u010duju\u0107i pristup obrazovanju, slobodu kretanja, izra\u017eavanja, privatnosti, porodi\u010dnog \u017eivota, mi\u0161ljenja, savjesti i vjere, prenosi Anadolija.<\/p>\n\n\n\n<p>Sud je istakao da su i drugi, uklju\u010duju\u0107i pojedince ozna\u010dene kao &#8222;saveznici \u017eena i djevojaka&#8220;, bili mete progona na politi\u010dkoj osnovi.<\/p>\n\n\n\n<p>Vije\u0107e je zaklju\u010dilo da se progon nije odnosio samo na direktno nasilje, ve\u0107 i na institucionalizirane oblike \u0161tete i diskriminatorne dru\u0161tvene norme.<\/p>\n\n\n\n<p>&#8222;Rodno zasnovani progon obuhvata ne samo direktne akte nasilja, ve\u0107 i sistematske i institucionalizirane oblike \u0161tete&#8220;, navodi se u saop\u0161tenju.<\/p>\n\n\n\n<p>Dodaje se da su i osobe koje su samo pasivno protivile talibanskim politikama bile na meti i da su zlo\u010dini bili dio zvani\u010dne dr\u017eavne politike.<\/p>","protected":false},"excerpt":{"rendered":"<p>Me\u0111unarodni krivi\u010dni sud (MKS) izdao je danas naloge za hap\u0161enje vrhovnog vo\u0111e talibana Hibatulaha Akhundzade i glavnog sudije Abdula Hakima Hakanija, optu\u017euju\u0107i ih za zlo\u010dine protiv \u010dovje\u010dnosti i sistematski progon na osnovu pola od povratka talibana na vlast u Avganistanu.<\/p>","protected":false},"author":1,"featured_media":916728,"comment_status":"open","ping_status":"open","sticky":false,"template":"","format":"standard","meta":{"_acf_changed":false,"footnotes":"","jetpack_publicize_message":"","jetpack_publicize_feature_enabled":true,"jetpack_social_post_already_shared":false,"jetpack_social_options":{"image_generator_settings":{"template":"highway","default_image_id":0,"font":"","enabled":false},"version":2}},"categories":[14],"tags":[3187,21070,12184],"naslovna":[],"class_list":["post-916727","post","type-post","status-publish","format-standard","has-post-thumbnail","hentry","category-svijet","tag-avganistan","tag-medjunarodni-krivicni-sud","tag-talibani"],"acf":[],"jetpack_publicize_connections":[],"_links":{"self":[{"href":"https:\/\/gradski.me\/en\/wp-json\/wp\/v2\/posts\/916727","targetHints":{"allow":["GET"]}}],"collection":[{"href":"https:\/\/gradski.me\/en\/wp-json\/wp\/v2\/posts"}],"about":[{"href":"https:\/\/gradski.me\/en\/wp-json\/wp\/v2\/types\/post"}],"author":[{"embeddable":true,"href":"https:\/\/gradski.me\/en\/wp-json\/wp\/v2\/users\/1"}],"replies":[{"embeddable":true,"href":"https:\/\/gradski.me\/en\/wp-json\/wp\/v2\/comments?post=916727"}],"version-history":[{"count":0,"href":"https:\/\/gradski.me\/en\/wp-json\/wp\/v2\/posts\/916727\/revisions"}],"wp:featuredmedia":[{"embeddable":true,"href":"https:\/\/gradski.me\/en\/wp-json\/wp\/v2\/media\/916728"}],"wp:attachment":[{"href":"https:\/\/gradski.me\/en\/wp-json\/wp\/v2\/media?parent=916727"}],"wp:term":[{"taxonomy":"category","embeddable":true,"href":"https:\/\/gradski.me\/en\/wp-json\/wp\/v2\/categories?post=916727"},{"taxonomy":"post_tag","embeddable":true,"href":"https:\/\/gradski.me\/en\/wp-json\/wp\/v2\/tags?post=916727"},{"taxonomy":"naslovna","embeddable":true,"href":"https:\/\/gradski.me\/en\/wp-json\/wp\/v2\/naslovna?post=916727"}],"curies":[{"name":"wp","href":"https:\/\/api.w.org\/{rel}","templated":true}]}}