{"id":916333,"date":"2025-07-07T06:03:00","date_gmt":"2025-07-07T04:03:00","guid":{"rendered":"https:\/\/gradski.me\/uncategorized\/deponija-trazi-utu-za-montazni-objekat-planiran-edukativni-centar\/"},"modified":"2025-07-07T06:03:00","modified_gmt":"2025-07-07T04:03:00","slug":"deponija-trazi-utu-za-montazni-objekat-planiran-edukativni-centar","status":"publish","type":"post","link":"https:\/\/gradski.me\/en\/podgorica\/deponija-trazi-utu-za-montazni-objekat-planiran-edukativni-centar\/","title":{"rendered":"Deponija tra\u017ei UTU za monta\u017eni objekat: Planiran edukativni centar"},"content":{"rendered":"<p><br><\/p>\n\n\n\n<p>\u2013 Edukativni centar bi gradili na jednoj od parcela koje pripadaju preduze\u0107u. Urbanisti\u010dko &#8211; tehni\u010dke uslove smo tra\u017eili i od Glavnog grada i od Op\u0161tine Tuzi, ali kako ni od jednih ni od drugih nismo dobili odgovor \u010dija je nadle\u017enost i ko mo\u017ee da nam izda UTU, odlu\u010dili smo smo da se obratimo Ministarstvu. Od ministarstva o\u010dekujemo reakciju \u2013 saop\u0161tio je Bo\u017eovi\u0107.<\/p>\n\n\n\n<p>Bo\u017eovi\u0107 navodi da je u pitanju monta\u017eni objekat koji bi slu\u017eio za edukaciju.<\/p>\n\n\n\n<p>\u2013 Mi edukujemo djecu pred\u0161kolskog i \u0161kolskog uzrasta i sada bi imali prostor da ugostimo sve njih. Tako\u0111e, mogli bi da ugostimo i partnere i da radimo prezentacije i promocije na\u0161eg preduze\u0107a, odnosno recikla\u017ee i upravljanje otpadom. Nadam se da \u0107emo u nekom narednom periodu do\u0111emo do rje\u0161enja \u2013 ka\u017ee Bo\u017eovi\u0107.<\/p>\n\n\n\n<p>Direktor Deponije navodi da im je plan da edukativni centar izgrade iz donacija.<\/p>\n\n\n\n<p>\u2013 Partneri su nam sada UNDP i Slova\u010dka ambasada, a najavili su se i njema\u010dka i francuska ambasada tako da za lijepe teme i odr\u017eive pri\u010de imamo partnere me\u0111unarodnijh zajednica i potrudi\u0107emo se da iskoristimo ponu\u0111ene resurse. U toku prezentacija u\u010desnici \u0107e mo\u0107i da imaju pregled \u0161ta se de\u0161ava na deponiji i koliko je to ustvari \u017eivi proces na dnevnom nivou \u2013 naveo je Bo\u017eovi\u0107.<\/p>\n\n\n\n<p>Bo\u017eovi\u0107 navodi da bi edukativni centar bio besplatan za dr\u017eavne i gradske institucije koje \u017eele da u njemu organizuju edukacije.<\/p>\n\n\n\n<p><\/p>","protected":false},"excerpt":{"rendered":"<p>Preduze\u0107e Deponija tra\u017eilo je od Ministarstva prostornog planiranja, urbanizma i dr\u017eavne imovine urbanisti\u010dko tehni\u010dke uslove za izradu tehni\u010dke dokumentacije za gradnju edukativnog centra na deponiji &#8222;Livade&#8220;.<br \/>\nDirektor Deponije Aleksandar Bo\u017eovi\u0107 za &#8222;Dan&#8220; navodi da bi objekat bio monta\u017enog karaktera, povr\u0161ine 150 kvadrata.<\/p>","protected":false},"author":5,"featured_media":916334,"comment_status":"open","ping_status":"open","sticky":false,"template":"","format":"standard","meta":{"_acf_changed":false,"footnotes":"","jetpack_publicize_message":"","jetpack_publicize_feature_enabled":true,"jetpack_social_post_already_shared":false,"jetpack_social_options":{"image_generator_settings":{"template":"highway","default_image_id":0,"font":"","enabled":false},"version":2}},"categories":[6],"tags":[5233,1544,20923],"naslovna":[],"class_list":["post-916333","post","type-post","status-publish","format-standard","has-post-thumbnail","hentry","category-podgorica","tag-centar","tag-deponija","tag-utu"],"acf":[],"jetpack_publicize_connections":[],"_links":{"self":[{"href":"https:\/\/gradski.me\/en\/wp-json\/wp\/v2\/posts\/916333","targetHints":{"allow":["GET"]}}],"collection":[{"href":"https:\/\/gradski.me\/en\/wp-json\/wp\/v2\/posts"}],"about":[{"href":"https:\/\/gradski.me\/en\/wp-json\/wp\/v2\/types\/post"}],"author":[{"embeddable":true,"href":"https:\/\/gradski.me\/en\/wp-json\/wp\/v2\/users\/5"}],"replies":[{"embeddable":true,"href":"https:\/\/gradski.me\/en\/wp-json\/wp\/v2\/comments?post=916333"}],"version-history":[{"count":0,"href":"https:\/\/gradski.me\/en\/wp-json\/wp\/v2\/posts\/916333\/revisions"}],"wp:featuredmedia":[{"embeddable":true,"href":"https:\/\/gradski.me\/en\/wp-json\/wp\/v2\/media\/916334"}],"wp:attachment":[{"href":"https:\/\/gradski.me\/en\/wp-json\/wp\/v2\/media?parent=916333"}],"wp:term":[{"taxonomy":"category","embeddable":true,"href":"https:\/\/gradski.me\/en\/wp-json\/wp\/v2\/categories?post=916333"},{"taxonomy":"post_tag","embeddable":true,"href":"https:\/\/gradski.me\/en\/wp-json\/wp\/v2\/tags?post=916333"},{"taxonomy":"naslovna","embeddable":true,"href":"https:\/\/gradski.me\/en\/wp-json\/wp\/v2\/naslovna?post=916333"}],"curies":[{"name":"wp","href":"https:\/\/api.w.org\/{rel}","templated":true}]}}