{"id":916260,"date":"2025-07-06T15:59:00","date_gmt":"2025-07-06T13:59:00","guid":{"rendered":"https:\/\/gradski.me\/uncategorized\/mjestani-brezana-dijelili-turistima-cvijece-i-vodu-brane-selo-i-premaju-tuzbe-ebrd-u-i-evropskom-javnom-tuzilastvu\/"},"modified":"2025-07-06T15:59:00","modified_gmt":"2025-07-06T13:59:00","slug":"mjestani-brezana-dijelili-turistima-cvijece-i-vodu-brane-selo-i-premaju-tuzbe-ebrd-u-i-evropskom-javnom-tuzilastvu","status":"publish","type":"post","link":"https:\/\/gradski.me\/en\/drustvo\/mjestani-brezana-dijelili-turistima-cvijece-i-vodu-brane-selo-i-premaju-tuzbe-ebrd-u-i-evropskom-javnom-tuzilastvu\/","title":{"rendered":"Mje\u0161tani Brezana dijelili turistima cvije\u0107e i vodu: Brane selo i premaju tu\u017ebe EBRD-u i Evropskom javnom tu\u017eila\u0161tvu"},"content":{"rendered":"<p>Oni su, kako su kazali, \u017eeljeli da poka\u017eu da im nike cilj da blokiraju put i ugro\u017eavaju turizam, ve\u0107 da su posve\u0107eni upravo razvoju eko i ruralnog turizma, ali da na ovaj na\u010din \u017eele da privuku pa\u017enju donosilaca odluka u dr\u017eavi i sprije\u010de uni\u0161tenje, kako ka\u017eu, jedinog crnogorskog sela u koje se mladi ljudi i porodice doseljavaju.<\/p>\n\n\n\n<p>\u201cOvo selo i ljudi u njemu upravo sprovode strate\u0161ko opredjeljenje dr\u017eave Crne Gore a to je odr\u017eivi razvoj, a temelj odr\u017eivog razvoja su upravo lokalne zajednice. Ova dr\u017eava, me\u0111utim, planira da uni\u0161ti ovo selo gradnjom visokonap\u0161onske trafostanice 400 kV u samom srcu sela i gradnjom visokonaponskog energetskog \u010dvori\u0161ta. To bi zna\u010dilo kraj sela, kraj svake ekonomske aktivnosti u njemu, a naro\u010dito kraj turizma\u201d, kazala je Vesna Radojevi\u0107, predstavnica mje\u0161tana. Ona je nalgasila da nisu protiv energetskog razvoja i da tra\u017ee da se planirana trafo stanica i energetsko \u010dvori\u0161te izmjeste na lokaciju gdje ne\u0107e ugro\u017eavati ljudske zajednice i ekologiju.<\/p>\n\n\n\n<p>Na pitanje novinara kako komentari\u0161e tvrdnje energetske kompanije CGES da je ono za \u0161ta ih opti\u017euju \u2013 da su falsifikovali projektnu dokumentaciju za Evropsku banku za obnovu i razvoj EBRD \u2013 \u201cistrgnuto iz konteksta\u201d, Radojevi\u0107 je rekla da su te tvrdnje \u201csmije\u0161ne\u201d.<\/p>\n\n\n\n<p>\u201cCGES sada poku\u0161ava da minimizira ono \u0161to su uradili, a to je da su slagali finansijsku instituciju kao \u0161to je EBRD i u projektnoj dokumentaciji na osnovu koje su dobili kredit od 28 miliona eura za gradnju TS 400kV Brezna, naveli da u krugu od dva kilometra od planirane lokacije gradnje nema nijedne ku\u0107e niti poslovnog objekta, iako ih ima najmanje 150, a prve ku\u0107e su na stotinak metara od trafo stanice\u201d, navodi Radojevi\u0107.<\/p>\n\n\n\n<p>Ona ka\u017ee da je to \u010dinjenica i javan podatak koji se nalazi na zvani\u010dnom sajtu EBRD-a te da ga svako mo\u017ee provjeriti.<\/p>\n\n\n\n<p>\u201cU toj dokumentaciji pi\u0161e, citiram \u2013 \u201cU krugu od dva kilometra od planirane lokalcije TS 400kV Brezna nema nijedne ku\u0107e niti poslovnog objekta!\u201d. To je fakat koji je jasan kao \u010dinjenica da je sada dan, a ne no\u0107. Kako je to istrgnuto iz konteksta i kog konteksta, neka nam objasne iz CGES-a\u201d, rekla je Radojevi\u0107. Ona je navela i da su mje\u0161tani pripremili dokumentaciju i dokazni materijal uklju\u010duju\u0107i video materijale i izjave mje\u0161tana za formalnu \u017ealbu putem nezavisnog mehanizma EBRD-a, kao da 99,9 odsto postoji osnov za tu\u017ebu Evropskom javnom tu\u017eila\u0161tvu.<\/p>\n\n\n\n<p>Mje\u0161tani Brezana u saop\u0161tenju podsje\u0107aju da su tek prije par mjeseci saznali za namjeru dr\u017eave i CGES-a da u centru njihovog sela grade visokonaponsku 400kV trafostanicu i me\u0111unarodno energetsko \u010dvori\u0161te.<\/p>\n\n\n\n<p>Mj\u0161tani su ranije pozivali kompletan dr\u017eavni vrh, menad\u017ement CGES-a i predstavnike Evropske banke za obnovu i razvoj (EBRD) da im se u nedjelju pridru\u017ee u promociji tradicionalnog crnogorskog gostoprimstva. Niko od pozvanih, me\u0111utim, nije do\u0161ao.<\/p>\n\n\n\n<p>Ukoliko ih, ka\u017eu, njihova dr\u017eava i dalje ne bude vidjela, nastavi\u0107e borbu za spas Brezana, institucionalno, pravno i medijski. A u kona\u010dnom, dodaju, ukoliko do\u0111e do toga, i svojim tijelima \u0107e braniti ono \u0161to im je sveto.<\/p>\n\n\n\n<p>\u201cAko na\u0161a dr\u017eava ne \u017eeli da nas vidi, i nastavi da istrajava u namjeri da nas uni\u0161ti, vidje\u0107e nas Evropa i svijet. Nema adrese kojoj se ne\u0107emo obratiti, nema vrata na koja ne\u0107emo kucati, nema medija, evropskog i svjetskog kojeg ne\u0107emo moliti za podr\u0161ku, nema suda kojem ne\u0107emo podnijeti tu\u017ebe i krivi\u010dne prijave. I mali pastir David je, pra\u0107kom i kamenjem, uz Bo\u017eju pomo\u0107, pobijedio Golijata. I mi \u0107emo pobijediti jer su istina i pravda na na\u0161oj strani, jer se borimo za svoje domove, svoju djecu i svoju budu\u0107nost\u201d, zaklju\u010duju mje\u0161tani Brezana.<\/p>","protected":false},"excerpt":{"rendered":"<p>Mej\u0161tani pivskog sela Brezna danas su \u201cdeblokirali\u201d magistralni put od Nik\u0161i\u0107a ka grani\u010dnom prelazu \u0160\u0107epan Polje, i dijelili turistima i putnicima osvje\u017eenje \u2013 vodu i slatki\u0161e, poljsko cvije\u0107e i flajere i informativne letke.<\/p>","protected":false},"author":16,"featured_media":916261,"comment_status":"open","ping_status":"open","sticky":false,"template":"","format":"standard","meta":{"_acf_changed":false,"footnotes":"","jetpack_publicize_message":"","jetpack_publicize_feature_enabled":true,"jetpack_social_post_already_shared":false,"jetpack_social_options":{"image_generator_settings":{"template":"highway","default_image_id":0,"font":"","enabled":false},"version":2}},"categories":[9],"tags":[2807,2875],"naslovna":[],"class_list":["post-916260","post","type-post","status-publish","format-standard","has-post-thumbnail","hentry","category-drustvo","tag-brezna","tag-ebrd"],"acf":[],"jetpack_publicize_connections":[],"_links":{"self":[{"href":"https:\/\/gradski.me\/en\/wp-json\/wp\/v2\/posts\/916260","targetHints":{"allow":["GET"]}}],"collection":[{"href":"https:\/\/gradski.me\/en\/wp-json\/wp\/v2\/posts"}],"about":[{"href":"https:\/\/gradski.me\/en\/wp-json\/wp\/v2\/types\/post"}],"author":[{"embeddable":true,"href":"https:\/\/gradski.me\/en\/wp-json\/wp\/v2\/users\/16"}],"replies":[{"embeddable":true,"href":"https:\/\/gradski.me\/en\/wp-json\/wp\/v2\/comments?post=916260"}],"version-history":[{"count":0,"href":"https:\/\/gradski.me\/en\/wp-json\/wp\/v2\/posts\/916260\/revisions"}],"wp:featuredmedia":[{"embeddable":true,"href":"https:\/\/gradski.me\/en\/wp-json\/wp\/v2\/media\/916261"}],"wp:attachment":[{"href":"https:\/\/gradski.me\/en\/wp-json\/wp\/v2\/media?parent=916260"}],"wp:term":[{"taxonomy":"category","embeddable":true,"href":"https:\/\/gradski.me\/en\/wp-json\/wp\/v2\/categories?post=916260"},{"taxonomy":"post_tag","embeddable":true,"href":"https:\/\/gradski.me\/en\/wp-json\/wp\/v2\/tags?post=916260"},{"taxonomy":"naslovna","embeddable":true,"href":"https:\/\/gradski.me\/en\/wp-json\/wp\/v2\/naslovna?post=916260"}],"curies":[{"name":"wp","href":"https:\/\/api.w.org\/{rel}","templated":true}]}}