{"id":916115,"date":"2025-07-05T18:54:00","date_gmt":"2025-07-05T16:54:00","guid":{"rendered":"https:\/\/gradski.me\/uncategorized\/vracar-gradjani-da-ne-brinu-struje-nece-faliti\/"},"modified":"2025-07-05T18:54:00","modified_gmt":"2025-07-05T16:54:00","slug":"vracar-gradjani-da-ne-brinu-struje-nece-faliti","status":"publish","type":"post","link":"https:\/\/gradski.me\/en\/ekonomija\/vracar-gradjani-da-ne-brinu-struje-nece-faliti\/","title":{"rendered":"Vra\u010dar: Gra\u0111ani da ne brinu, struje ne\u0107e faliti"},"content":{"rendered":"<p><\/p>\n\n\n\n<p><\/p>\n\n\n\n<p>\u201e\u0160to se ti\u010de proizvodnje ona je za \u0161est mjeseci, do danas, na nivou energetskog sektora ostvarena u iznosu od 45,94 odsto od ukupno planirane godi\u0161nje proizvodnje. To je ne\u0161to \u0161to je ajde da ka\u017eemo podbacilo planske elemente. Hidrologija je malo izostala, ali ste svjedoci da smo u velikom dijelu sa\u010duvali akumulacije, i da nam u Pivskom jezeru ima ne\u0161to oko 252 GW od mogu\u0107ih 270, i u jezerima HE Peru\u0107ica, Krupac, Slano, imamo oko 135 GW elektri\u010dne energije. To zna\u010di da su akumulacije na visokom i jako zadovoljavaju\u0107em nivou. I one su iznad projektovanih akumulacija na 01.06.2025.\u201c, kazao je&nbsp;<strong>Miro Vra\u010dar<\/strong>, glavni finansijski direktor EPCG.<\/p>\n\n\n\n<p>Ovakvi podaci ulivaju povjerenje, dodaje Vra\u010dar, te dodaje da gra\u0111ani mogu biti bezbri\u017eni, jer struje ne\u0107e faliti.<\/p>\n\n\n\n<p>\u201eZa sada nema promjena cijena elektri\u010dne energije, istini za volju da je cijena elektri\u010dne energije na jako niskom nivou, ali i vrijeme je da gra\u0111ani osjete benefite jednog proizvoda u \u010diju infrastrukturu i u \u010diju proizvodnju su svi ulagali i stvarali tokom prethodnog perioda\u201c, dodaje Vra\u010dar.<\/p>\n\n\n\n<p>Ekolo\u0161ka rekonstrukcija TE Pljevlja koja ima za cilj smanjenje emisija \u0161tetnih materija u vazduh, proti\u010de, dodaju, planiranom dinamikom. Zavr\u0161etak svih remontnih radova u Termoelektrani o\u010dekuju do kraja avgusta.<\/p>\n\n\n\n<p>\u201eVeliki je obim remontnih radova, redovnih godi\u0161njih koji se obavljaju na postrojenjima i opremi. Naglasio bih samo da su to redovni radovi u dijelu ma\u0161inske sale, kotlarnice, na transportu \u0161ljake i pepela, postrojenjima mlinskim, na dijelovima kotla koji nije obuhva\u0107en adaptacijom kotla, i na svim ostalima pomo\u0107nim postrojenjima. U elektro dijelu imamo radove na profila\u010dkim energetskim transformatorima. Posebno su zahtjevni radovi na transformatorima op\u0161te potro\u0161nje, snage 25 MW, megavoltampera, zatim transformatoru op\u0161te potro\u0161nje snage 32 megavoltampera, remonti visoko-naponskih motora, nisko-naponskih elektro-motora, i sve pripadaju\u0107e elektro-ma\u0161inske opreme u sklopu TE Pljevlja\u201c, istakao je&nbsp;<strong>\u017darko \u0106a\u0107i\u0107<\/strong>, direktor TE Pljevlja.<\/p>\n\n\n\n<p>\u0106a\u0107i\u0107 obja\u0161njava za\u0161to su va\u017eni radovi:<\/p>\n\n\n\n<p>\u201eUskla\u0111ivanje sa Zakonom o industrijskim emisijama, to je u smislu smanjenju azotnih i sumpornih oksida prvenstveno. 2009. godine mi smo novim postrojenjem, elektro-filterskim, rije\u0161ili taj dio \u0161to se ti\u010de pra\u0161ine. To su parametri koji su prema direktivama EU i na\u0161im zakonodavstvom odre\u0111ene vrijednosti za sumporne, azotne okside, za pra\u0161inu. Ovom rekonstrukcijom \u0107emo prvenstveno rije\u0161iti sumporne i azotne okside, odgovaraju\u0107im mokrim postupkom osumporavanja, kao reagensi koristili su se kre\u010dnjak i urea. Mislim da \u0107emo sumporne okside koji su zadnjih pet godina kretali oko 5-5,5mg po normalnom metru kubnom, svesti na 130mg po normalnom metru kubnom. A azotne okside svesti sa oko 40mg po normalnom metru kubnom, na 150. To su garantne vrijednosti koje izvo\u0111a\u010d radova projektom garantuje, poslije pu\u0161tanja postrojenja u rad, poslije probnog rada, vr\u0161i\u0107e se garancijska mjerenja i onda \u0107emo znati da li je izvo\u0111a\u010d radova ispo\u0161tovao projektne vrijednosti.\u201c<\/p>\n\n\n\n<p>U rekonstrukciju se ula\u017ee oko 70 miliona eura, a plan za zavr\u0161etak radova je novembar teku\u0107e godine.<\/p>","protected":false},"excerpt":{"rendered":"<p>Iako je Termoelektrana (TE) Pljevlja kao klju\u010dni izvor elektri\u010dne energije van pogona du\u017ee od sedam mjeseci, energetski sektor je, kako navode iz Elektroprivrede Crne Gore (EPCG), spremno do\u010dekao taj izazov.<\/p>","protected":false},"author":5,"featured_media":916116,"comment_status":"open","ping_status":"open","sticky":false,"template":"","format":"standard","meta":{"_acf_changed":false,"footnotes":"","jetpack_publicize_message":"","jetpack_publicize_feature_enabled":true,"jetpack_social_post_already_shared":false,"jetpack_social_options":{"image_generator_settings":{"template":"highway","default_image_id":0,"font":"","enabled":false},"version":2}},"categories":[8],"tags":[836,5297,22],"naslovna":[],"class_list":["post-916115","post","type-post","status-publish","format-standard","has-post-thumbnail","hentry","category-ekonomija","tag-epcg","tag-miro-vracar","tag-struja"],"acf":[],"jetpack_publicize_connections":[],"_links":{"self":[{"href":"https:\/\/gradski.me\/en\/wp-json\/wp\/v2\/posts\/916115","targetHints":{"allow":["GET"]}}],"collection":[{"href":"https:\/\/gradski.me\/en\/wp-json\/wp\/v2\/posts"}],"about":[{"href":"https:\/\/gradski.me\/en\/wp-json\/wp\/v2\/types\/post"}],"author":[{"embeddable":true,"href":"https:\/\/gradski.me\/en\/wp-json\/wp\/v2\/users\/5"}],"replies":[{"embeddable":true,"href":"https:\/\/gradski.me\/en\/wp-json\/wp\/v2\/comments?post=916115"}],"version-history":[{"count":0,"href":"https:\/\/gradski.me\/en\/wp-json\/wp\/v2\/posts\/916115\/revisions"}],"wp:featuredmedia":[{"embeddable":true,"href":"https:\/\/gradski.me\/en\/wp-json\/wp\/v2\/media\/916116"}],"wp:attachment":[{"href":"https:\/\/gradski.me\/en\/wp-json\/wp\/v2\/media?parent=916115"}],"wp:term":[{"taxonomy":"category","embeddable":true,"href":"https:\/\/gradski.me\/en\/wp-json\/wp\/v2\/categories?post=916115"},{"taxonomy":"post_tag","embeddable":true,"href":"https:\/\/gradski.me\/en\/wp-json\/wp\/v2\/tags?post=916115"},{"taxonomy":"naslovna","embeddable":true,"href":"https:\/\/gradski.me\/en\/wp-json\/wp\/v2\/naslovna?post=916115"}],"curies":[{"name":"wp","href":"https:\/\/api.w.org\/{rel}","templated":true}]}}