{"id":916075,"date":"2025-07-05T15:47:00","date_gmt":"2025-07-05T13:47:00","guid":{"rendered":"https:\/\/gradski.me\/uncategorized\/uhapsen-albanski-drzavljanin-zbog-sumnje-da-je-nozem-pokusao-da-ubije-sunarodnika\/"},"modified":"2025-07-05T15:47:00","modified_gmt":"2025-07-05T13:47:00","slug":"uhapsen-albanski-drzavljanin-zbog-sumnje-da-je-nozem-pokusao-da-ubije-sunarodnika","status":"publish","type":"post","link":"https:\/\/gradski.me\/en\/hronika\/uhapsen-albanski-drzavljanin-zbog-sumnje-da-je-nozem-pokusao-da-ubije-sunarodnika\/","title":{"rendered":"Uhap\u0161en albanski dr\u017eavljanin zbog sumnje da je no\u017eem poku\u0161ao da ubije sunarodnika"},"content":{"rendered":"<p><br><br><\/p>\n\n\n\n<p>Kako navode iz policije de\u017eurna slu\u017eba Odjeljenja bezbjednosti Podgorica je, jutros oko 6 \u010dasova, obavije\u0161tena od Hitne medicinske pomo\u0107i u Tuzima da se na ukazivanje ljekarske pomo\u0107i javilo lice sa povredama zadobijenim usljed upotrebe o\u0161trog predmeta, koje je nakon ukazivanja prve pomo\u0107i transportovano u Klini\u010dki centar Crne Gore radi daljeg medicinskog zbrinjavanja.<\/p>\n\n\n\n<p>\u201d Utvr\u0111eno je da se radi o B.B. (31), albanskom dr\u017eavljaninu, koji je zadobio povredu u predjelu desne lopatice, nanesenu o\u0161trim sje\u010divom, najvjerovatnije no\u017eem. Ljekarskim pregledom je konstatovano da je B.B. stabilnih vitalnih parametara\u201d, kazali su iz policije.<\/p>\n\n\n\n<p>Polcija je sazanala da je na teritoriji op\u0161tine Tuzi, jutros u jednom ugostiteljskom objektu do\u0161lo do verbalnog konfikta izme\u0111u povrije\u0111enog B.B. i drugog lica, nakon \u010dega je to lice upotrebom no\u017ea nanijelo povrede licu B.B., a potom se udaljilo sa lica mjesta.<\/p>\n\n\n\n<p>\u201cPolicija je u kratkom roku locirala osumnji\u010denog u mjestu Drume, op\u0161tina Tuzi. Tom prilikom kod K.B. je prona\u0111en no\u017e, za koji se sumnja da je kori\u0161\u0107en prilikom izvr\u0161enja krivi\u010dnog djela. Osumnji\u010deni K.B. \u0107e u zakonskom roku, uz krivi\u010dnu prijavu zbog sumnje da je po\u010dinio krivi\u010dno djelo ubistvo u poku\u0161aju, biti sproveden Vi\u0161em dr\u017eavnom tu\u017eila\u0161tvu u Podgorici\u201d, ka\u017eu iz policije.<\/p>\n\n\n\n<p><\/p>","protected":false},"excerpt":{"rendered":"<p>Dr\u017eavljanin Albanije K.B. (40) uhap\u0161en je danas zbog sumnje je u ranim jutarnjim satima, u Tuzima, poku\u0161ao da ubije sunarodnika.<\/p>","protected":false},"author":5,"featured_media":915112,"comment_status":"open","ping_status":"open","sticky":false,"template":"","format":"standard","meta":{"_acf_changed":false,"footnotes":"","jetpack_publicize_message":"","jetpack_publicize_feature_enabled":true,"jetpack_social_post_already_shared":false,"jetpack_social_options":{"image_generator_settings":{"template":"highway","default_image_id":0,"font":"","enabled":false},"version":2}},"categories":[10],"tags":[3805,20419],"naslovna":[],"class_list":["post-916075","post","type-post","status-publish","format-standard","has-post-thumbnail","hentry","category-hronika","tag-albanski-drzavljanin","tag-uhapsen"],"acf":[],"jetpack_publicize_connections":[],"_links":{"self":[{"href":"https:\/\/gradski.me\/en\/wp-json\/wp\/v2\/posts\/916075","targetHints":{"allow":["GET"]}}],"collection":[{"href":"https:\/\/gradski.me\/en\/wp-json\/wp\/v2\/posts"}],"about":[{"href":"https:\/\/gradski.me\/en\/wp-json\/wp\/v2\/types\/post"}],"author":[{"embeddable":true,"href":"https:\/\/gradski.me\/en\/wp-json\/wp\/v2\/users\/5"}],"replies":[{"embeddable":true,"href":"https:\/\/gradski.me\/en\/wp-json\/wp\/v2\/comments?post=916075"}],"version-history":[{"count":0,"href":"https:\/\/gradski.me\/en\/wp-json\/wp\/v2\/posts\/916075\/revisions"}],"wp:featuredmedia":[{"embeddable":true,"href":"https:\/\/gradski.me\/en\/wp-json\/wp\/v2\/media\/915112"}],"wp:attachment":[{"href":"https:\/\/gradski.me\/en\/wp-json\/wp\/v2\/media?parent=916075"}],"wp:term":[{"taxonomy":"category","embeddable":true,"href":"https:\/\/gradski.me\/en\/wp-json\/wp\/v2\/categories?post=916075"},{"taxonomy":"post_tag","embeddable":true,"href":"https:\/\/gradski.me\/en\/wp-json\/wp\/v2\/tags?post=916075"},{"taxonomy":"naslovna","embeddable":true,"href":"https:\/\/gradski.me\/en\/wp-json\/wp\/v2\/naslovna?post=916075"}],"curies":[{"name":"wp","href":"https:\/\/api.w.org\/{rel}","templated":true}]}}