{"id":915835,"date":"2025-07-04T12:13:00","date_gmt":"2025-07-04T10:13:00","guid":{"rendered":"https:\/\/gradski.me\/uncategorized\/aleksic-razgovarao-sa-aktivistom-za-ljudska-prava-aleksandrom-sasom-zekovic\/"},"modified":"2025-07-04T12:13:00","modified_gmt":"2025-07-04T10:13:00","slug":"aleksic-razgovarao-sa-aktivistom-za-ljudska-prava-aleksandrom-sasom-zekovic","status":"publish","type":"post","link":"https:\/\/gradski.me\/en\/drustvo\/aleksic-razgovarao-sa-aktivistom-za-ljudska-prava-aleksandrom-sasom-zekovic\/","title":{"rendered":"Aleksi\u0107 razgovarao sa aktivistom za ljudska prava Aleksandrom Sa\u0161om Zekovi\u0107"},"content":{"rendered":"<p>Zajedni\u010dki je konstatovano da sve otvorenija debata o socijalisti\u010dkoj pro\u0161losti Crne Gore sa sobom nosi i odre\u0111ene ideolo\u0161ke napetosti i politi\u010dke tenzije. \u010cinjenica da na teritoriji Crne Gore i dalje postoje mrtva tijela u neozna\u010denim ili prikrivenim grobnicama koristi se za preno\u0161enje razli\u010ditih ideolo\u0161kih poruka.<\/p>\n\n\n\n<p>Obostrano je zaklju\u010deno da suo\u010davanje s pro\u0161lo\u0161\u0107u i tra\u017eenje najprikladnijeg rje\u0161enja bude objektivno i nezavisno, oslobo\u0111eno od svih politi\u010dkih manipulacija, kao i od poku\u0161aja revizionizma ili nametanja zamjenskog narativa.<\/p>\n\n\n\n<p>Potpredsjednik Vlade Crne Gore je podsjetio da je od Vrhovnog dr\u017eavnog tu\u017eioca Crne Gore, Milorada Markovi\u0107a, zatra\u017eio informaciju o statusu svih predmeta i prijava koje su u radu Specijalnog dr\u017eavnog tu\u017eila\u0161tva a odnose se na prijavljene ratne zlo\u010dine tokom i po zavr\u0161etku Drugog svjetskog rata.<\/p>\n\n\n\n<p>Tako\u0111e, potpredsjednik Vlade Crne Gore za obrazovanje, nauku i odnose sa vjerskim zajednicama, dr Budimir Aleksi\u0107, inicirao je, kod predsjednika Crne Gore Jakova Milatovi\u0107a, razgovor o odnosu dr\u017eave i dru\u0161tva prema posmrtnim ostacima nevinih civilnih \u017ertvama iz Drugog svjetskog rata i poratnog perioda.<\/p>\n\n\n\n<p>Aktivista za ljudska prava Aleksandar Sa\u0161a Zekovi\u0107 predstavio je klju\u010dne aktivnosti i izazove koje ih prate pri \u010demu se posebno prepoznaje rad na inicijativi da se jama Kotor, u naselju Kuline, op\u0161tina Nik\u0161i\u0107, koja je trenutno nalazi na parceli u privatnom vlasni\u0161tvu, proglasi, zbog svog istorijskog i memorijalnog zna\u010daja, kulturnim dobrom. U zemljama EU mjesta masovnog stradanja i patnji civila imaju obezbije\u0111en dodatan vid dr\u017eavne kulturne za\u0161tite. Zekovi\u0107 je posebno istakao va\u017enost aktivnosti civilnog dru\u0161tva protiv rastu\u0107eg politi\u010dkog revizionizma.<\/p>\n\n\n\n<p>Zajedni\u010dki su reafirmisane poruke i poziv Evropskog parlamenta kroz nedavno usvojenu rezoluciju o Crnoj Gori u kojoj se upozorava na opasnosti istorijskog revizionizma u politi\u010dke svrhe \u010dime se potkopava odgovornost i produbljuju dru\u0161tvene podjele ali i upu\u0107uje poziv evropskih partnera Crne Gore da se otvore arhive koje se ti\u010du biv\u0161ih republika Jugoslavije, da se omoguc\u0301i pristup dosijeima biv\u0161e jugoslovenske tajne slu\u017ebe i tajne slu\u017ebe JNA kako bi se pa\u017eljivo istra\u017eili i evenutalni zlo\u010dini iz komunisti\u010dkog doba.<\/p>\n\n\n\n<p><\/p>","protected":false},"excerpt":{"rendered":"<p>Potpredsjednik Vlade Crne Gore za obrazovanje, nauku i odnose sa vjerskim zajednicama, dr Budimir Aleksi\u0107, razgovarao je sa Aleksandrom Sa\u0161om Zekovi\u0107, aktivistom za ljudska prava o procesu suo\u010davanja s pro\u0161lo\u0161\u0107u. Susret je nastavak stalnog dijaloga potpredsjednika Vlade sa civilnim dru\u0161tvom i vjerskim zajednicama o pitanjima koja su va\u017ena za proces evropskih integracija i dru\u0161tvenu koheziju u Crnoj Gori.<\/p>","protected":false},"author":18,"featured_media":915836,"comment_status":"open","ping_status":"open","sticky":false,"template":"","format":"standard","meta":{"_acf_changed":false,"footnotes":"","jetpack_publicize_message":"","jetpack_publicize_feature_enabled":true,"jetpack_social_post_already_shared":false,"jetpack_social_options":{"image_generator_settings":{"template":"highway","default_image_id":0,"font":"","enabled":false},"version":2}},"categories":[9],"tags":[2720,5947],"naslovna":[],"class_list":["post-915835","post","type-post","status-publish","format-standard","has-post-thumbnail","hentry","category-drustvo","tag-aleksandar-sasa-zekovic","tag-budimir-aleksic"],"acf":[],"jetpack_publicize_connections":[],"_links":{"self":[{"href":"https:\/\/gradski.me\/en\/wp-json\/wp\/v2\/posts\/915835","targetHints":{"allow":["GET"]}}],"collection":[{"href":"https:\/\/gradski.me\/en\/wp-json\/wp\/v2\/posts"}],"about":[{"href":"https:\/\/gradski.me\/en\/wp-json\/wp\/v2\/types\/post"}],"author":[{"embeddable":true,"href":"https:\/\/gradski.me\/en\/wp-json\/wp\/v2\/users\/18"}],"replies":[{"embeddable":true,"href":"https:\/\/gradski.me\/en\/wp-json\/wp\/v2\/comments?post=915835"}],"version-history":[{"count":0,"href":"https:\/\/gradski.me\/en\/wp-json\/wp\/v2\/posts\/915835\/revisions"}],"wp:featuredmedia":[{"embeddable":true,"href":"https:\/\/gradski.me\/en\/wp-json\/wp\/v2\/media\/915836"}],"wp:attachment":[{"href":"https:\/\/gradski.me\/en\/wp-json\/wp\/v2\/media?parent=915835"}],"wp:term":[{"taxonomy":"category","embeddable":true,"href":"https:\/\/gradski.me\/en\/wp-json\/wp\/v2\/categories?post=915835"},{"taxonomy":"post_tag","embeddable":true,"href":"https:\/\/gradski.me\/en\/wp-json\/wp\/v2\/tags?post=915835"},{"taxonomy":"naslovna","embeddable":true,"href":"https:\/\/gradski.me\/en\/wp-json\/wp\/v2\/naslovna?post=915835"}],"curies":[{"name":"wp","href":"https:\/\/api.w.org\/{rel}","templated":true}]}}