{"id":915799,"date":"2025-07-04T09:00:00","date_gmt":"2025-07-04T07:00:00","guid":{"rendered":"https:\/\/gradski.me\/uncategorized\/mikic-i-vukovic-novi-poslanici-gp-ura\/"},"modified":"2025-07-04T09:00:00","modified_gmt":"2025-07-04T07:00:00","slug":"mikic-i-vukovic-novi-poslanici-gp-ura","status":"publish","type":"post","link":"https:\/\/gradski.me\/en\/politika\/mikic-i-vukovic-novi-poslanici-gp-ura\/","title":{"rendered":"Miki\u0107 i Vukovi\u0107 novi poslanici GP URA"},"content":{"rendered":"<p><\/p>\n\n\n\n<p>Kako su kazali, sljede\u0107e godine \u0107e Milo\u0161a Konatara zamijeniti Mileta Radovani\u0107, a predsjednika partije Dritana Abazovi\u0107a \u0107e zamijeniti Luka Rak\u010devi\u0107.<\/p>\n\n\n\n<p>Kako je Konatar kazao na konferenciji, po ovom pitanju nijesu se ogla\u0161avali jer su radili na pripremi Kongresa koji \u0107e se odr\u017eati sjutra na Lov\u0107enu. On je pozvao predstavnike medija da isprate taj jubilej &#8211; 10 godina od osnivanja GP URA.<\/p>\n\n\n\n<p>&#8222;Najavljene su rotacije u klubu i odlu\u010dili smo da predstavimo osam poslanika i da poka\u017eemo da URA ima ljude koji rade dobro svoj posao&#8220;, naveo je Konatar.<\/p>\n\n\n\n<p>Ka\u017ee da su Ad\u017ei\u0107 i Novakovi\u0107 \u0110urovi\u0107 pokazali aktivnosti kroz svoje poslani\u010dke klubove i da su postavljeni visoki standardi.<\/p>\n\n\n\n<p>&#8222;Nemam dilemu da \u0107e oni koji dolaze biti dobri i bolji od nas mo\u017eda koji smo tu sada&#8220;, istakao je Konatar.<\/p>\n\n\n\n<p>Ka\u017ee da \u0107e kao lideri opozicije i protivnici svega lo\u0161eg \u0161to nam se de\u0161ava, nastaviti da se bore za gra\u0111ane.<\/p>\n\n\n\n<p>Rekao je da su sjajni kandidati za potpredsjednike i to su Ana Novakovi\u0107 \u0110urovi\u0107, Milena Vukovi\u0107 i Bla\u017eo Ra\u0111enovi\u0107.<\/p>\n\n\n\n<p>&#8222;Imamo mogu\u0107nosti da shodno statutu biramo i druge funkcije, uveli smo poziciju zamjenika predsjednika i to je namjera da otvorimo prostor za nove ljude ali i za one koji su tu da znaju da \u0107e biti prostora za sve koji \u017eele da mijenjanmo Crnu Goru na bolje, a ko \u0107e biti na kojim pozicijama u timu je najmnaje va\u017eno, bitno je da kao tim idemo dalje&#8220;, rekao je Konatar.<\/p>","protected":false},"excerpt":{"rendered":"<p>Zoran Miki\u0107 i Milena Vukovi\u0107 novi su poslanici Gra\u0111anskog pokreta URA u parlamentu, odlu\u010deno je u toj partiji. Oni \u0107e zamijeniti dosada\u0161njeg potpredsjednika Filipa Ad\u017ei\u0107a i politi\u010dku direktoricu te partije Anu Novakovi\u0107 \u0110urovi\u0107. To je najavljeno na dana\u0161njoj konferenciji.<\/p>","protected":false},"author":1,"featured_media":915800,"comment_status":"open","ping_status":"open","sticky":false,"template":"","format":"standard","meta":{"_acf_changed":false,"footnotes":"","jetpack_publicize_message":"","jetpack_publicize_feature_enabled":true,"jetpack_social_post_already_shared":false,"jetpack_social_options":{"image_generator_settings":{"template":"highway","default_image_id":0,"font":"","enabled":false},"version":2}},"categories":[7],"tags":[6037,835,3259,71,91,1020,74],"naslovna":[],"class_list":["post-915799","post","type-post","status-publish","format-standard","has-post-thumbnail","hentry","category-politika","tag-ana-novakovic-djurovic","tag-dritan-abazovic","tag-filip-adzic","tag-gp-ura","tag-milena-vukovic","tag-milos-konatar","tag-zoran-mikic"],"acf":[],"jetpack_publicize_connections":[],"_links":{"self":[{"href":"https:\/\/gradski.me\/en\/wp-json\/wp\/v2\/posts\/915799","targetHints":{"allow":["GET"]}}],"collection":[{"href":"https:\/\/gradski.me\/en\/wp-json\/wp\/v2\/posts"}],"about":[{"href":"https:\/\/gradski.me\/en\/wp-json\/wp\/v2\/types\/post"}],"author":[{"embeddable":true,"href":"https:\/\/gradski.me\/en\/wp-json\/wp\/v2\/users\/1"}],"replies":[{"embeddable":true,"href":"https:\/\/gradski.me\/en\/wp-json\/wp\/v2\/comments?post=915799"}],"version-history":[{"count":0,"href":"https:\/\/gradski.me\/en\/wp-json\/wp\/v2\/posts\/915799\/revisions"}],"wp:featuredmedia":[{"embeddable":true,"href":"https:\/\/gradski.me\/en\/wp-json\/wp\/v2\/media\/915800"}],"wp:attachment":[{"href":"https:\/\/gradski.me\/en\/wp-json\/wp\/v2\/media?parent=915799"}],"wp:term":[{"taxonomy":"category","embeddable":true,"href":"https:\/\/gradski.me\/en\/wp-json\/wp\/v2\/categories?post=915799"},{"taxonomy":"post_tag","embeddable":true,"href":"https:\/\/gradski.me\/en\/wp-json\/wp\/v2\/tags?post=915799"},{"taxonomy":"naslovna","embeddable":true,"href":"https:\/\/gradski.me\/en\/wp-json\/wp\/v2\/naslovna?post=915799"}],"curies":[{"name":"wp","href":"https:\/\/api.w.org\/{rel}","templated":true}]}}