{"id":915705,"date":"2025-07-03T17:39:43","date_gmt":"2025-07-03T15:39:43","guid":{"rendered":"https:\/\/gradski.me\/uncategorized\/janovic-maske-produbljivanje-saradnje-kroz-otvoren-dijalog-o-bezbjednosnim-izazovima\/"},"modified":"2025-07-03T17:39:43","modified_gmt":"2025-07-03T15:39:43","slug":"janovic-maske-produbljivanje-saradnje-kroz-otvoren-dijalog-o-bezbjednosnim-izazovima","status":"publish","type":"post","link":"https:\/\/gradski.me\/en\/hronika\/janovic-maske-produbljivanje-saradnje-kroz-otvoren-dijalog-o-bezbjednosnim-izazovima\/","title":{"rendered":"Janovi\u0107 \u2013 Maske: Produbljivanje saradnje kroz otvoren dijalog o bezbjednosnim izazovima"},"content":{"rendered":"<p>\u201cSagovornici su istakli zajedni\u010dko uvjerenje da sna\u017ena me\u0111udr\u017eavna saradnja i stabilno partnerstvo izme\u0111u Crne Gore i Francuske predstavljaju klju\u010dni doprinos izgradnji sigurnog i stabilnog dru\u0161tvenog okvira, u interesu svih gra\u0111ana obje zemlje\u201d, saop\u0161teno je iz Vlade.<\/p>\n\n\n\n<p>U duhu uzajamnog povjerenja i strate\u0161kog partnerstva, sagovornici su razgovarali o aktuelnim bezbjednosnim prijetnjama i izazovima na nacionalnom i globalnom planu.<\/p>\n\n\n\n<p>\u201cPosebna pa\u017enja posve\u0107ena je dosada\u0161njem nivou saradnje u oblasti bezbjednosti, uz obostrano istaknuto opredjeljenje za njeno dalje ja\u010danje\u201d, zaklju\u010duje se u saop\u0161tenju.<\/p>","protected":false},"excerpt":{"rendered":"<p>Direktor Agencije za nacionalnu bezbjednost Ivica Janovi\u0107 sastao se danas sa ambasadorkom Francuske u Crnoj Gori, An-Mari Maske.<\/p>","protected":false},"author":16,"featured_media":915706,"comment_status":"open","ping_status":"open","sticky":false,"template":"","format":"standard","meta":{"_acf_changed":false,"footnotes":"","jetpack_publicize_message":"","jetpack_publicize_feature_enabled":true,"jetpack_social_post_already_shared":false,"jetpack_social_options":{"image_generator_settings":{"template":"highway","default_image_id":0,"font":"","enabled":false},"version":2}},"categories":[10],"tags":[14860,1064,4338,251],"naslovna":[],"class_list":["post-915705","post","type-post","status-publish","format-standard","has-post-thumbnail","hentry","category-hronika","tag-an-mari-maske","tag-anb","tag-ivica-janovic","tag-vlada-cg"],"acf":[],"jetpack_publicize_connections":[],"_links":{"self":[{"href":"https:\/\/gradski.me\/en\/wp-json\/wp\/v2\/posts\/915705","targetHints":{"allow":["GET"]}}],"collection":[{"href":"https:\/\/gradski.me\/en\/wp-json\/wp\/v2\/posts"}],"about":[{"href":"https:\/\/gradski.me\/en\/wp-json\/wp\/v2\/types\/post"}],"author":[{"embeddable":true,"href":"https:\/\/gradski.me\/en\/wp-json\/wp\/v2\/users\/16"}],"replies":[{"embeddable":true,"href":"https:\/\/gradski.me\/en\/wp-json\/wp\/v2\/comments?post=915705"}],"version-history":[{"count":0,"href":"https:\/\/gradski.me\/en\/wp-json\/wp\/v2\/posts\/915705\/revisions"}],"wp:featuredmedia":[{"embeddable":true,"href":"https:\/\/gradski.me\/en\/wp-json\/wp\/v2\/media\/915706"}],"wp:attachment":[{"href":"https:\/\/gradski.me\/en\/wp-json\/wp\/v2\/media?parent=915705"}],"wp:term":[{"taxonomy":"category","embeddable":true,"href":"https:\/\/gradski.me\/en\/wp-json\/wp\/v2\/categories?post=915705"},{"taxonomy":"post_tag","embeddable":true,"href":"https:\/\/gradski.me\/en\/wp-json\/wp\/v2\/tags?post=915705"},{"taxonomy":"naslovna","embeddable":true,"href":"https:\/\/gradski.me\/en\/wp-json\/wp\/v2\/naslovna?post=915705"}],"curies":[{"name":"wp","href":"https:\/\/api.w.org\/{rel}","templated":true}]}}