{"id":915328,"date":"2025-07-02T11:13:00","date_gmt":"2025-07-02T09:13:00","guid":{"rendered":"https:\/\/gradski.me\/uncategorized\/zverev-otvorio-dusu-nakon-rane-eliminacije-na-vimbldonu-osjecam-se-usamljeno-pokusavam-da-izadjem-iz-ove-rupe\/"},"modified":"2025-07-02T11:13:00","modified_gmt":"2025-07-02T09:13:00","slug":"zverev-otvorio-dusu-nakon-rane-eliminacije-na-vimbldonu-osjecam-se-usamljeno-pokusavam-da-izadjem-iz-ove-rupe","status":"publish","type":"post","link":"https:\/\/gradski.me\/en\/sport\/zverev-otvorio-dusu-nakon-rane-eliminacije-na-vimbldonu-osjecam-se-usamljeno-pokusavam-da-izadjem-iz-ove-rupe\/","title":{"rendered":"Zverev otvorio du\u0161u nakon rane eliminacije na Vimbldonu: Osje\u0107am se usamljeno, poku\u0161avam da iza\u0111em iz ove rupe"},"content":{"rendered":"<p>Njemac je u pet setova i gotovo pet sati igre pora\u017een od Francuza Artura Rinderne\u0161a &#8211; 7:6, 6:7, 3:6, 7:6, 6:4. <\/p>\n\n\n\n<p>&#8222;Mo\u017eda mi je prvi put u \u017eivotu potreban terapeut. Nikada se nisam osje\u0107ao ovako prazno. Rekao bih da je problem mentalne prirode. \u010cesto se osje\u0107am vrlo usamljeno na terenu. Mu\u010dim se. Govorim ve\u0107 od Australijan opena da imam problema. Ne znam&#8230;poku\u0161avam da na\u0111em na\u010din da iza\u0111em iz ove rupe. Stalno se iznova na\u0111em u njoj. Generalno se trenutno osje\u0107am prili\u010dno usamljeno u \u017eivotu, \u0161to nije nimalo lijep osje\u0107aj&#8220;, otvorio je du\u0161u Zverev na konferenciji za medije. <\/p>\n\n\n\n<p>Zverev ina\u010de od malih nogu ima \u0161e\u0107ernu bolest, dijabetes tip 1, pa se nerijetko mo\u017ee vidjeti kako tokom me\u010da uzima insulin. <\/p>\n\n\n\n<p><\/p>","protected":false},"excerpt":{"rendered":"<p>Tre\u0107i teniser svijeta Aleksandar Zverev kazao je nakon eliminacije u prvom kolu Vimbldona da se osje\u0107a usamljeno, te da razmi\u0161lja da potra\u017ei pomo\u0107 terapeuta.<\/p>","protected":false},"author":7,"featured_media":915329,"comment_status":"open","ping_status":"open","sticky":false,"template":"","format":"standard","meta":{"_acf_changed":false,"footnotes":"","jetpack_publicize_message":"","jetpack_publicize_feature_enabled":true,"jetpack_social_post_already_shared":false,"jetpack_social_options":{"image_generator_settings":{"template":"highway","default_image_id":0,"font":"","enabled":false},"version":2}},"categories":[15],"tags":[579,20561],"naslovna":[],"class_list":["post-915328","post","type-post","status-publish","format-standard","has-post-thumbnail","hentry","category-sport","tag-aleksandar-zverev","tag-vimbldon"],"acf":[],"jetpack_publicize_connections":[],"_links":{"self":[{"href":"https:\/\/gradski.me\/en\/wp-json\/wp\/v2\/posts\/915328","targetHints":{"allow":["GET"]}}],"collection":[{"href":"https:\/\/gradski.me\/en\/wp-json\/wp\/v2\/posts"}],"about":[{"href":"https:\/\/gradski.me\/en\/wp-json\/wp\/v2\/types\/post"}],"author":[{"embeddable":true,"href":"https:\/\/gradski.me\/en\/wp-json\/wp\/v2\/users\/7"}],"replies":[{"embeddable":true,"href":"https:\/\/gradski.me\/en\/wp-json\/wp\/v2\/comments?post=915328"}],"version-history":[{"count":0,"href":"https:\/\/gradski.me\/en\/wp-json\/wp\/v2\/posts\/915328\/revisions"}],"wp:featuredmedia":[{"embeddable":true,"href":"https:\/\/gradski.me\/en\/wp-json\/wp\/v2\/media\/915329"}],"wp:attachment":[{"href":"https:\/\/gradski.me\/en\/wp-json\/wp\/v2\/media?parent=915328"}],"wp:term":[{"taxonomy":"category","embeddable":true,"href":"https:\/\/gradski.me\/en\/wp-json\/wp\/v2\/categories?post=915328"},{"taxonomy":"post_tag","embeddable":true,"href":"https:\/\/gradski.me\/en\/wp-json\/wp\/v2\/tags?post=915328"},{"taxonomy":"naslovna","embeddable":true,"href":"https:\/\/gradski.me\/en\/wp-json\/wp\/v2\/naslovna?post=915328"}],"curies":[{"name":"wp","href":"https:\/\/api.w.org\/{rel}","templated":true}]}}