{"id":915175,"date":"2025-07-01T17:24:00","date_gmt":"2025-07-01T15:24:00","guid":{"rendered":"https:\/\/gradski.me\/uncategorized\/sjajan-posao-denvera-valancijunas-umjesto-sarica\/"},"modified":"2025-07-01T17:24:00","modified_gmt":"2025-07-01T15:24:00","slug":"sjajan-posao-denvera-valancijunas-umjesto-sarica","status":"publish","type":"post","link":"https:\/\/gradski.me\/en\/sport\/sjajan-posao-denvera-valancijunas-umjesto-sarica\/","title":{"rendered":"Sjajan posao Denvera: Valan\u010dijunas umjesto \u0160ari\u0107a"},"content":{"rendered":"<p>Valan\u010dijunas (32) dolazi nakon sezone u kojoj je bilje\u017eio 10,4 poena i 7,7 skokova za 18,8 minuta po me\u010du, dijele\u0107i sezonu izme\u0111u Va\u0161ington Vizardsa i Sakramenta.<\/p>\n\n\n\n<p>S druge strane, \u0160ari\u0107 je imao marginalnu ulogu &#8211; bio je rano izba\u010den iz rotacije i gotovo da nije doprinio, iako je Aron Gordon propu\u0161tao zna\u010dajan dio sezone zbog povrede lista.<\/p>\n\n\n\n<p>Prema informacijama D\u017eejka Fi\u0161era, u ovom trejdu nema dodatnih uslova \u2013 rije\u010d je o razmjeni jedan za jedan, kojom Denver dobija rezervnog centra, a Sakramento \u0161tedi novac.<\/p>\n\n\n\n<p>Valan\u010dijunas ne\u0107e pomo\u0107i oko minuta koje pokriva Aron Gordon, ali \u0107e Denveru donijeti ono \u0161to im je pro\u0161le sezone \u010desto nedostajalo \u2013 poeni i skokovi u reketu kada Nikola Joki\u0107 nije na terenu. Ovaj potez iskori\u0161\u0107ava izuzetak u trejdu koji je Denver dobio nakon zamjene Majkla Portera juniora za Kema D\u017eonsona, i ne zauzima dodatno mjesto na rosteru, jer su \u0160ari\u0107a poslali u suprotnom pravcu.<\/p>\n\n\n\n<p>Valan\u010dijunas je pod ugovorom za ovu i narednu sezonu, po cijeni od oko 10 miliona dolara godi\u0161nje, \u0161to Denveru donosi stabilnost na poziciji rezervnog centra, ali i igra\u010da koji mo\u017ee povremeno da usko\u010di kao starter kada Joki\u0107 bude odmarao.<\/p>\n\n\n\n<p>Pro\u0161la sezona bila je prva u kojoj je Jonas ve\u0107inu vremena proveo kao igra\u010d sa klupe, i iako nije poznat kao defanzivni bedem, sada \u0107e bekovi Nagetsa imati centra sa kojim mogu da igraju pik-en-rol, koji zna da zavr\u0161i oko obru\u010da i da uhvati skok \u2013 ne\u0161to \u0161to je falilo Denveru kada Joki\u0107 nije na parketu.<\/p>\n\n\n\n<p>Era D\u017eona Volasa i Bena Tenzera u kancelariji Denvera o\u010digledno ne usporava \u2013 njihov cilj je jasan: u\u010diniti minute bez Joki\u0107a odr\u017eivijim. Ovim potezom, \u010dini se, stigli su korak bli\u017ee toj ideji.<br><br>Denver je sada 2,4 miliona dolara ispod granice poreza na luksuz, a ima najmanje jedno slobodno mjesto u sastavu. Ako to mjesto popune veteranom za minimalni ugovor od 2,3 miliona, ostaju tik ispod granice i izbjegavaju kaznu za vi\u0161estruko pla\u0107anje poreza ove godine<\/p>","protected":false},"excerpt":{"rendered":"<p>Denver Nagetsi nastavljaju da preoblikuju svoj roster, a ovog puta su rije\u0161ili pitanje rezervnog visokog igra\u010da \u2013 trejdovali su Darija \u0160ari\u0107a u Sakramento Kingse za Jonasa Valan\u010dijunasa.<\/p>","protected":false},"author":7,"featured_media":915176,"comment_status":"open","ping_status":"open","sticky":false,"template":"","format":"standard","meta":{"_acf_changed":false,"footnotes":"","jetpack_publicize_message":"","jetpack_publicize_feature_enabled":true,"jetpack_social_post_already_shared":false,"jetpack_social_options":{"image_generator_settings":{"template":"highway","default_image_id":0,"font":"","enabled":false},"version":2}},"categories":[15],"tags":[20608,12498,4405,20609],"naslovna":[],"class_list":["post-915175","post","type-post","status-publish","format-standard","has-post-thumbnail","hentry","category-sport","tag-dario-saric","tag-denver","tag-jonas-valancijunas","tag-sakramento"],"acf":[],"jetpack_publicize_connections":[],"_links":{"self":[{"href":"https:\/\/gradski.me\/en\/wp-json\/wp\/v2\/posts\/915175","targetHints":{"allow":["GET"]}}],"collection":[{"href":"https:\/\/gradski.me\/en\/wp-json\/wp\/v2\/posts"}],"about":[{"href":"https:\/\/gradski.me\/en\/wp-json\/wp\/v2\/types\/post"}],"author":[{"embeddable":true,"href":"https:\/\/gradski.me\/en\/wp-json\/wp\/v2\/users\/7"}],"replies":[{"embeddable":true,"href":"https:\/\/gradski.me\/en\/wp-json\/wp\/v2\/comments?post=915175"}],"version-history":[{"count":0,"href":"https:\/\/gradski.me\/en\/wp-json\/wp\/v2\/posts\/915175\/revisions"}],"wp:featuredmedia":[{"embeddable":true,"href":"https:\/\/gradski.me\/en\/wp-json\/wp\/v2\/media\/915176"}],"wp:attachment":[{"href":"https:\/\/gradski.me\/en\/wp-json\/wp\/v2\/media?parent=915175"}],"wp:term":[{"taxonomy":"category","embeddable":true,"href":"https:\/\/gradski.me\/en\/wp-json\/wp\/v2\/categories?post=915175"},{"taxonomy":"post_tag","embeddable":true,"href":"https:\/\/gradski.me\/en\/wp-json\/wp\/v2\/tags?post=915175"},{"taxonomy":"naslovna","embeddable":true,"href":"https:\/\/gradski.me\/en\/wp-json\/wp\/v2\/naslovna?post=915175"}],"curies":[{"name":"wp","href":"https:\/\/api.w.org\/{rel}","templated":true}]}}