{"id":915093,"date":"2025-07-01T12:48:11","date_gmt":"2025-07-01T10:48:11","guid":{"rendered":"https:\/\/gradski.me\/uncategorized\/milatovic-raspisao-javni-poziv-za-izbor-sudije-ustavnog-suda\/"},"modified":"2025-07-01T12:48:11","modified_gmt":"2025-07-01T10:48:11","slug":"milatovic-raspisao-javni-poziv-za-izbor-sudije-ustavnog-suda","status":"publish","type":"post","link":"https:\/\/gradski.me\/en\/politika\/milatovic-raspisao-javni-poziv-za-izbor-sudije-ustavnog-suda\/","title":{"rendered":"Milatovi\u0107 raspisao javni poziv za izbor sudije Ustavnog suda"},"content":{"rendered":"<p><\/p>\n\n\n\n<p><\/p>\n\n\n\n<p><\/p>\n\n\n\n<p>\u201cShodno odredbi \u010dlana 7 stav 2 Zakona o Ustavnom sudu Crne Gore, Ustavni sud obavijestio je Predsjednika Crne Gore da je na sjednici tog suda od 26. juna 2025. godine konstatovana \u010dinjenica koja se odnosi na istek mandata sutkinji Desanki Lopi\u010di\u0107. Imaju\u0107i u vidu da se popuna sudijskog mjesta na koje je izabrana sutkinja Lopi\u010di\u0107 vr\u0161i na osnovu predloga Predsjednika Crne Gore, stekli su se ustavni i zakonski preduslovi da Predsjednik Crne Gore raspi\u0161e javni poziv za izbor jednog sudije Ustavnog suda\u201d, navedeno je u saop\u0161tenju Kabineta Predsjednika Crne Gore.<\/p>\n\n\n\n<p>Javni poziv, kako su objasnili, bi\u0107e objavljen u \u201eSlu\u017ebenom listu Crne Gore\u201c i dostupan u \u0161tampanim medijima \u201eDAN\u201c, \u201eVijesti\u201c i \u201ePobjeda\u201c, kao i na internet stranici Predsjednika Crne Gore.<\/p>\n\n\n\n<p>\u201cRok za prijavljivanje kandidata je 45 dana od dana raspisivanja Javnog poziva. Pozivamo istaknute pravnike, koji ispunjavaju uslove propisane Ustavom Crne Gore i Zakonom o Ustavnom sudu, da se prijave na poziv i doprinesu izboru najboljeg kandidata\u201d, naveli su iz kabineta.<\/p>\n\n\n\n<p>Vi\u0161e informacija mo\u017eete pronaci na&nbsp;<strong><a href=\"https:\/\/predsjednik.me\/press\/clanak\/article-35\" rel=\"noreferrer noopener\" target=\"_blank\">line<\/a><\/strong>.<\/p>","protected":false},"excerpt":{"rendered":"<p>Predsjednik Crne Gore\u00a0Jakov Milatovi\u0107\u00a0raspisao je javni poziv za izbor jednog sudije Ustavnog suda.<\/p>","protected":false},"author":8,"featured_media":915094,"comment_status":"open","ping_status":"open","sticky":false,"template":"","format":"standard","meta":{"_acf_changed":false,"footnotes":"","jetpack_publicize_message":"","jetpack_publicize_feature_enabled":true,"jetpack_social_post_already_shared":false,"jetpack_social_options":{"image_generator_settings":{"template":"highway","default_image_id":0,"font":"","enabled":false},"version":2}},"categories":[7],"tags":[289,6238],"naslovna":[],"class_list":["post-915093","post","type-post","status-publish","format-standard","has-post-thumbnail","hentry","category-politika","tag-milatovic-2","tag-ustavni"],"acf":[],"jetpack_publicize_connections":[],"_links":{"self":[{"href":"https:\/\/gradski.me\/en\/wp-json\/wp\/v2\/posts\/915093","targetHints":{"allow":["GET"]}}],"collection":[{"href":"https:\/\/gradski.me\/en\/wp-json\/wp\/v2\/posts"}],"about":[{"href":"https:\/\/gradski.me\/en\/wp-json\/wp\/v2\/types\/post"}],"author":[{"embeddable":true,"href":"https:\/\/gradski.me\/en\/wp-json\/wp\/v2\/users\/8"}],"replies":[{"embeddable":true,"href":"https:\/\/gradski.me\/en\/wp-json\/wp\/v2\/comments?post=915093"}],"version-history":[{"count":0,"href":"https:\/\/gradski.me\/en\/wp-json\/wp\/v2\/posts\/915093\/revisions"}],"wp:featuredmedia":[{"embeddable":true,"href":"https:\/\/gradski.me\/en\/wp-json\/wp\/v2\/media\/915094"}],"wp:attachment":[{"href":"https:\/\/gradski.me\/en\/wp-json\/wp\/v2\/media?parent=915093"}],"wp:term":[{"taxonomy":"category","embeddable":true,"href":"https:\/\/gradski.me\/en\/wp-json\/wp\/v2\/categories?post=915093"},{"taxonomy":"post_tag","embeddable":true,"href":"https:\/\/gradski.me\/en\/wp-json\/wp\/v2\/tags?post=915093"},{"taxonomy":"naslovna","embeddable":true,"href":"https:\/\/gradski.me\/en\/wp-json\/wp\/v2\/naslovna?post=915093"}],"curies":[{"name":"wp","href":"https:\/\/api.w.org\/{rel}","templated":true}]}}