{"id":915046,"date":"2025-07-01T11:15:00","date_gmt":"2025-07-01T09:15:00","guid":{"rendered":"https:\/\/gradski.me\/uncategorized\/mijatovic-nije-tacno-da-smo-za-kostica-platili-obestecenje-od-1-000-000-eura-manje-je\/"},"modified":"2025-07-01T11:15:00","modified_gmt":"2025-07-01T09:15:00","slug":"mijatovic-nije-tacno-da-smo-za-kostica-platili-obestecenje-od-1-000-000-eura-manje-je","status":"publish","type":"post","link":"https:\/\/gradski.me\/en\/sport\/mijatovic-nije-tacno-da-smo-za-kostica-platili-obestecenje-od-1-000-000-eura-manje-je\/","title":{"rendered":"Mijatovi\u0107: Nije ta\u010dno da smo za Kosti\u0107a platili obe\u0161te\u0107enje od 1.000.000 eura, manje je"},"content":{"rendered":"<p>Partizan je nedavno ozvani\u010dio dolazak Andreja Kosti\u0107a, doskora\u0161njeg napada\u010da Budu\u0107nosti. Prema rije\u010dima potpredsjednika kluba zadu\u017eenog za sportska pitanja, Predraga Mijatovi\u0107a, Partizan planira da na talentovanom \u0161picu u budu\u0107nosti zaradi zna\u010dajnu sumu novca.<\/p>\n\n\n\n<p>Iako su se pojavile informacije da je klub za Kosti\u0107a platio 1.000.000 eura obe\u0161te\u0107enja, Mijatovi\u0107 je to demantovao:<\/p>\n\n\n\n<p>&#8222;Nije ta\u010dno da smo za Kosti\u0107a platili obe\u0161te\u0107enje od 1.000.000 eura. Manje je. A jednog dana kad bude odlazio, otkupna klauzula iznosi\u0107e 20.000.000 eura&#8220;, istakao je Mijatovi\u0107 gostuju\u0107i u podkastu Indirektno.<\/p>\n\n\n\n<p>Ovaj potez potvr\u0111uje Partizanovu strategiju ulaganja u mlade igra\u010de, s ciljem da ih afirmi\u0161e u prvom timu i kasnije profitira kroz visoke transfer-klauzule.<\/p>","protected":false},"excerpt":{"rendered":"<p>&#8222;Nije ta\u010dno da smo za Kosti\u0107a platili obe\u0161te\u0107enje od 1.000.000 eura. Manje je. A jednog dana kad bude odlazio, otkupna klauzula iznosi\u0107e 20.000.000 eura&#8220;.<\/p>","protected":false},"author":7,"featured_media":915047,"comment_status":"open","ping_status":"open","sticky":false,"template":"","format":"standard","meta":{"_acf_changed":false,"footnotes":"","jetpack_publicize_message":"","jetpack_publicize_feature_enabled":true,"jetpack_social_post_already_shared":false,"jetpack_social_options":{"image_generator_settings":{"template":"highway","default_image_id":0,"font":"","enabled":false},"version":2}},"categories":[15],"tags":[1958,171,767,8780,20555],"naslovna":[],"class_list":["post-915046","post","type-post","status-publish","format-standard","has-post-thumbnail","hentry","category-sport","tag-andrej-kostic","tag-fk-buducnost","tag-fk-partizan","tag-obestecenje","tag-predrag-mijatovic"],"acf":[],"jetpack_publicize_connections":[],"_links":{"self":[{"href":"https:\/\/gradski.me\/en\/wp-json\/wp\/v2\/posts\/915046","targetHints":{"allow":["GET"]}}],"collection":[{"href":"https:\/\/gradski.me\/en\/wp-json\/wp\/v2\/posts"}],"about":[{"href":"https:\/\/gradski.me\/en\/wp-json\/wp\/v2\/types\/post"}],"author":[{"embeddable":true,"href":"https:\/\/gradski.me\/en\/wp-json\/wp\/v2\/users\/7"}],"replies":[{"embeddable":true,"href":"https:\/\/gradski.me\/en\/wp-json\/wp\/v2\/comments?post=915046"}],"version-history":[{"count":0,"href":"https:\/\/gradski.me\/en\/wp-json\/wp\/v2\/posts\/915046\/revisions"}],"wp:featuredmedia":[{"embeddable":true,"href":"https:\/\/gradski.me\/en\/wp-json\/wp\/v2\/media\/915047"}],"wp:attachment":[{"href":"https:\/\/gradski.me\/en\/wp-json\/wp\/v2\/media?parent=915046"}],"wp:term":[{"taxonomy":"category","embeddable":true,"href":"https:\/\/gradski.me\/en\/wp-json\/wp\/v2\/categories?post=915046"},{"taxonomy":"post_tag","embeddable":true,"href":"https:\/\/gradski.me\/en\/wp-json\/wp\/v2\/tags?post=915046"},{"taxonomy":"naslovna","embeddable":true,"href":"https:\/\/gradski.me\/en\/wp-json\/wp\/v2\/naslovna?post=915046"}],"curies":[{"name":"wp","href":"https:\/\/api.w.org\/{rel}","templated":true}]}}