{"id":915037,"date":"2025-07-01T10:25:00","date_gmt":"2025-07-01T08:25:00","guid":{"rendered":"https:\/\/gradski.me\/uncategorized\/boske-u-kuci-slavnih-k-lige\/"},"modified":"2025-07-01T10:25:00","modified_gmt":"2025-07-01T08:25:00","slug":"boske-u-kuci-slavnih-k-lige","status":"publish","type":"post","link":"https:\/\/gradski.me\/en\/sport\/boske-u-kuci-slavnih-k-lige\/","title":{"rendered":"Boske u Ku\u0107i Slavnih K Lige"},"content":{"rendered":"<p>Damjanovi\u0107 je postao prvi inostrani fudbaler koji je dobio ovu \u010dast, nakon briljantne karijere u Ju\u017enoj Koreji tokom koje je ispisivao stranice istorije ovog \u0161ampionata.<\/p>\n\n\n\n<p>Tokom 12 sezona u K League, popularni \u201cBoske\u201d osvojio je tri uzastopne titule najboljeg strijelca (2011\u20132013) i titulu MVP-a lige 2012. godine.<\/p>\n\n\n\n<p>Sa 198 postignutih golova, zauzima drugo mjesto na vje\u010dnoj listi strijelaca, odmah iza Lee Dong-gooka.<\/p>\n\n\n\n<p>Ovo priznanje sti\u017ee kao kruna karijere igra\u010da koji je u Aziji izgradio status legende, a danas, kao sportski direktor Budu\u0107nosti, prenosi svoje iskustvo i znanje novim generacijama u crnogorskom fudbalu.<\/p>\n\n\n\n<p>Sve\u010dana ceremonija povodom ulaska u Ku\u0107u slavnih zakazana je za septembar.<\/p>","protected":false},"excerpt":{"rendered":"<p>Biv\u0161i crnogorski reprezentativac i aktuelni sportski direktor FK Budu\u0107nost, Dejan Damjanovi\u0107, uvr\u0161ten je u Ku\u0107u slavnih ju\u017enokorejske K League, objavila je danas Korea Professional Football League.<\/p>","protected":false},"author":7,"featured_media":915038,"comment_status":"open","ping_status":"open","sticky":false,"template":"","format":"standard","meta":{"_acf_changed":false,"footnotes":"","jetpack_publicize_message":"","jetpack_publicize_feature_enabled":true,"jetpack_social_post_already_shared":false,"jetpack_social_options":{"image_generator_settings":{"template":"highway","default_image_id":0,"font":"","enabled":false},"version":2}},"categories":[15],"tags":[4097,3795,20552,7941],"naslovna":[],"class_list":["post-915037","post","type-post","status-publish","format-standard","has-post-thumbnail","hentry","category-sport","tag-dejan-damjanovic","tag-juzna-koreja","tag-k-liga","tag-kuca-slavnih"],"acf":[],"jetpack_publicize_connections":[],"_links":{"self":[{"href":"https:\/\/gradski.me\/en\/wp-json\/wp\/v2\/posts\/915037","targetHints":{"allow":["GET"]}}],"collection":[{"href":"https:\/\/gradski.me\/en\/wp-json\/wp\/v2\/posts"}],"about":[{"href":"https:\/\/gradski.me\/en\/wp-json\/wp\/v2\/types\/post"}],"author":[{"embeddable":true,"href":"https:\/\/gradski.me\/en\/wp-json\/wp\/v2\/users\/7"}],"replies":[{"embeddable":true,"href":"https:\/\/gradski.me\/en\/wp-json\/wp\/v2\/comments?post=915037"}],"version-history":[{"count":0,"href":"https:\/\/gradski.me\/en\/wp-json\/wp\/v2\/posts\/915037\/revisions"}],"wp:featuredmedia":[{"embeddable":true,"href":"https:\/\/gradski.me\/en\/wp-json\/wp\/v2\/media\/915038"}],"wp:attachment":[{"href":"https:\/\/gradski.me\/en\/wp-json\/wp\/v2\/media?parent=915037"}],"wp:term":[{"taxonomy":"category","embeddable":true,"href":"https:\/\/gradski.me\/en\/wp-json\/wp\/v2\/categories?post=915037"},{"taxonomy":"post_tag","embeddable":true,"href":"https:\/\/gradski.me\/en\/wp-json\/wp\/v2\/tags?post=915037"},{"taxonomy":"naslovna","embeddable":true,"href":"https:\/\/gradski.me\/en\/wp-json\/wp\/v2\/naslovna?post=915037"}],"curies":[{"name":"wp","href":"https:\/\/api.w.org\/{rel}","templated":true}]}}