{"id":914860,"date":"2026-03-06T10:25:00","date_gmt":"2026-03-06T09:25:00","guid":{"rendered":"https:\/\/gradski.me\/?p=914860"},"modified":"2026-03-06T09:26:31","modified_gmt":"2026-03-06T08:26:31","slug":"vukovic-kuc-ne-pristajemo-da-se-crna-gora-pod-plastom-evropskih-integracija-pretvara-u-policijsku-drzavu","status":"publish","type":"post","link":"https:\/\/gradski.me\/en\/politika\/vukovic-kuc-ne-pristajemo-da-se-crna-gora-pod-plastom-evropskih-integracija-pretvara-u-policijsku-drzavu\/","title":{"rendered":"Vukovi\u0107 Ku\u010d: We do not agree that Montenegro, under the guise of European integration, is turning into a police state"},"content":{"rendered":"<p><\/p>\n\n\n\n<p>\u201cNa\u0161e pozicije imaju smisla samo ako slu\u017ee Crnoj Gori. Ne pristajemo da budemo dekor evropskim integracijama iza kojih se razgra\u0111uje dr\u017eava i le\u0161inari nad Crnom Gorom\u201d,navela je poslanica DPS-a na mre\u017ei X.<\/p>\n\n\n\n<figure class=\"wp-block-embed is-type-rich is-provider-twitter wp-block-embed-twitter\"><div class=\"wp-block-embed__wrapper\">\n<blockquote class=\"twitter-tweet\" data-width=\"550\" data-dnt=\"true\"><p lang=\"und\" dir=\"ltr\">Ne pristajemo da se Crna Gora pod pla\u0161tom evropskih integracija pretvara u policijsku dr\u017eavu.<br>Na\u0161e pozicije imaju smisla samo ako slu\u017ee Crnoj Gori.<br>Ne pristajemo da budemo dekor evropskim integracijama iza kojih se razgra\u0111uje dr\u017eava i le\u0161inari nad Crnom Gorom. <a href=\"https:\/\/t.co\/6nFcJX6vmw\">https:\/\/t.co\/6nFcJX6vmw<\/a><\/p>&mdash; Aleksandra Vukovi\u0107 Ku\u010d (@AVposlanica) <a href=\"https:\/\/twitter.com\/AVposlanica\/status\/2029689298031648838?ref_src=twsrc%5Etfw\" target=\"_blank\" rel=\"noopener\">March 5, 2026<\/a><\/blockquote><script async src=\"https:\/\/platform.twitter.com\/widgets.js\" charset=\"utf-8\"><\/script>\n<\/div><\/figure>","protected":false},"excerpt":{"rendered":"<p>Ne pristajemo da se Crna Gora pod pla\u0161tom evropskih integracija pretvara u policijsku dr\u017eavu, poru\u010dila je\u00a0Aleksandra Vukovi\u0107 Ku\u010d, potpredsjednica Demokratske partije socijalista i poslanica u Skup\u0161tini Crne Gore.<\/p>","protected":false},"author":13,"featured_media":657034,"comment_status":"open","ping_status":"open","sticky":false,"template":"","format":"standard","meta":{"_acf_changed":false,"footnotes":"","jetpack_publicize_message":"","jetpack_publicize_feature_enabled":true,"jetpack_social_post_already_shared":false,"jetpack_social_options":{"image_generator_settings":{"template":"highway","default_image_id":0,"font":"","enabled":false},"version":2}},"categories":[7],"tags":[8179,88],"naslovna":[],"class_list":["post-914860","post","type-post","status-publish","format-standard","has-post-thumbnail","hentry","category-politika","tag-aleksandra-vukovic-kuc","tag-dps"],"acf":[],"jetpack_publicize_connections":[],"_links":{"self":[{"href":"https:\/\/gradski.me\/en\/wp-json\/wp\/v2\/posts\/914860","targetHints":{"allow":["GET"]}}],"collection":[{"href":"https:\/\/gradski.me\/en\/wp-json\/wp\/v2\/posts"}],"about":[{"href":"https:\/\/gradski.me\/en\/wp-json\/wp\/v2\/types\/post"}],"author":[{"embeddable":true,"href":"https:\/\/gradski.me\/en\/wp-json\/wp\/v2\/users\/13"}],"replies":[{"embeddable":true,"href":"https:\/\/gradski.me\/en\/wp-json\/wp\/v2\/comments?post=914860"}],"version-history":[{"count":1,"href":"https:\/\/gradski.me\/en\/wp-json\/wp\/v2\/posts\/914860\/revisions"}],"predecessor-version":[{"id":914861,"href":"https:\/\/gradski.me\/en\/wp-json\/wp\/v2\/posts\/914860\/revisions\/914861"}],"wp:featuredmedia":[{"embeddable":true,"href":"https:\/\/gradski.me\/en\/wp-json\/wp\/v2\/media\/657034"}],"wp:attachment":[{"href":"https:\/\/gradski.me\/en\/wp-json\/wp\/v2\/media?parent=914860"}],"wp:term":[{"taxonomy":"category","embeddable":true,"href":"https:\/\/gradski.me\/en\/wp-json\/wp\/v2\/categories?post=914860"},{"taxonomy":"post_tag","embeddable":true,"href":"https:\/\/gradski.me\/en\/wp-json\/wp\/v2\/tags?post=914860"},{"taxonomy":"naslovna","embeddable":true,"href":"https:\/\/gradski.me\/en\/wp-json\/wp\/v2\/naslovna?post=914860"}],"curies":[{"name":"wp","href":"https:\/\/api.w.org\/{rel}","templated":true}]}}