{"id":914824,"date":"2026-03-06T07:50:00","date_gmt":"2026-03-06T06:50:00","guid":{"rendered":"https:\/\/gradski.me\/?p=914824"},"modified":"2026-03-11T12:49:58","modified_gmt":"2026-03-11T11:49:58","slug":"podgorica-podnijete-prijave-protiv-dvije-osobe-zbog-prevare-od-100-000-eura","status":"publish","type":"post","link":"https:\/\/gradski.me\/en\/hronika\/podgorica-podnijete-prijave-protiv-dvije-osobe-zbog-prevare-od-100-000-eura\/","title":{"rendered":"Podgorica: Charges filed against two people on suspicion of fraud of 100,000 euros"},"content":{"rendered":"<p><\/p>\n\n\n\n<p><\/p>\n\n\n\n<p>&#8222;Naime, kako se sumnja, prijavljeni su navedeno krivi\u010dno djelo izvr\u0161ili na na\u010din \u0161to su 5. juna 2024. godine, u naselju Zabjelo u Podgorici, o\u0161te\u0107enom licu prodali stan u izgradnji po cijeni od 100.000 eura, iako predmetni stan nije bio u njihovom vlasni\u0161tvu. Stan je bio predmet obaveze koju su osumnji\u010deni imali prema tri investitora, a koju su morali prethodno ispuniti kako bi stan bio prenesen u njihovo vlasni\u0161tvo. Osumnji\u010deni su istog dana, kod notara, sa o\u0161te\u0107enim potpisali predugovor o prodaji nepokretnosti, u kojem su se ugovorne strane saglasile da je kupoprodajna cijena u potpunosti ispla\u0107ena, iako predmetni stan nije bio u njihovom vlasni\u0161tvu&#8220;, kazali su iz policije. <\/p>\n\n\n\n<p>Kako zaklju\u010duju, Na taj na\u010din su o\u0161te\u0107enog doveli u zabludu i za sebe pribavili protivpravnu imovinsku korist u iznosu od 100.000 eura<\/p>","protected":false},"excerpt":{"rendered":"<p>Slu\u017ebenici Odjeljenja bezbjednosti Podgorica &#8211; Stanice kriminalisti\u010dke policije za suzbijanje ekonomskog kriminala su 5. marta 2026. godine, Osnovnom dr\u017eavnom tu\u017eila\u0161tvu u Podgorici podnijeli krivi\u010dnu prijavu protiv lica S.A. (28) i J.P. (30), zbog sumnje da su izvr\u0161ili krivi\u010dno djelo prevara u saizvr\u0161ila\u0161tvu \u010dime su stekli protivpravnu imovinsku korist u iznosu od 100.000 eura, saop\u0161teno je iz Uprave policije.<\/p>","protected":false},"author":13,"featured_media":903639,"comment_status":"open","ping_status":"open","sticky":false,"template":"","format":"standard","meta":{"_acf_changed":false,"footnotes":"","jetpack_publicize_message":"","jetpack_publicize_feature_enabled":true,"jetpack_social_post_already_shared":false,"jetpack_social_options":{"image_generator_settings":{"template":"highway","default_image_id":0,"font":"","enabled":false},"version":2}},"categories":[10],"tags":[28,109],"naslovna":[],"class_list":["post-914824","post","type-post","status-publish","format-standard","has-post-thumbnail","hentry","category-hronika","tag-podgorica","tag-uprava-policije"],"acf":[],"jetpack_publicize_connections":[],"_links":{"self":[{"href":"https:\/\/gradski.me\/en\/wp-json\/wp\/v2\/posts\/914824","targetHints":{"allow":["GET"]}}],"collection":[{"href":"https:\/\/gradski.me\/en\/wp-json\/wp\/v2\/posts"}],"about":[{"href":"https:\/\/gradski.me\/en\/wp-json\/wp\/v2\/types\/post"}],"author":[{"embeddable":true,"href":"https:\/\/gradski.me\/en\/wp-json\/wp\/v2\/users\/13"}],"replies":[{"embeddable":true,"href":"https:\/\/gradski.me\/en\/wp-json\/wp\/v2\/comments?post=914824"}],"version-history":[{"count":2,"href":"https:\/\/gradski.me\/en\/wp-json\/wp\/v2\/posts\/914824\/revisions"}],"predecessor-version":[{"id":914828,"href":"https:\/\/gradski.me\/en\/wp-json\/wp\/v2\/posts\/914824\/revisions\/914828"}],"wp:featuredmedia":[{"embeddable":true,"href":"https:\/\/gradski.me\/en\/wp-json\/wp\/v2\/media\/903639"}],"wp:attachment":[{"href":"https:\/\/gradski.me\/en\/wp-json\/wp\/v2\/media?parent=914824"}],"wp:term":[{"taxonomy":"category","embeddable":true,"href":"https:\/\/gradski.me\/en\/wp-json\/wp\/v2\/categories?post=914824"},{"taxonomy":"post_tag","embeddable":true,"href":"https:\/\/gradski.me\/en\/wp-json\/wp\/v2\/tags?post=914824"},{"taxonomy":"naslovna","embeddable":true,"href":"https:\/\/gradski.me\/en\/wp-json\/wp\/v2\/naslovna?post=914824"}],"curies":[{"name":"wp","href":"https:\/\/api.w.org\/{rel}","templated":true}]}}