{"id":914593,"date":"2026-03-05T15:25:00","date_gmt":"2026-03-05T14:25:00","guid":{"rendered":"https:\/\/gradski.me\/?p=914593"},"modified":"2026-03-05T15:06:23","modified_gmt":"2026-03-05T14:06:23","slug":"vesko-delic-predsjednik-opstinskog-odbora-nsd-mojkovac","status":"publish","type":"post","link":"https:\/\/gradski.me\/en\/politika\/vesko-delic-predsjednik-opstinskog-odbora-nsd-mojkovac\/","title":{"rendered":"Vesko Deli\u0107, president of the municipal board of the NSD Mojkovac"},"content":{"rendered":"<p><\/p>\n\n\n\n<p>\u201cZa predsjednika OO NSD u Mojkovcu izabran je&nbsp;<strong>Vesko Deli\u0107<\/strong>, koji je i predsjednik op\u0161tine Mojkovac\u201d, naveli su u saop\u0161tenju.<\/p>\n\n\n\n<p>Kako su kazali, \u010dlanovi OO NSD Mojkovac su&nbsp;<strong>Balti\u0107 Miodrag-Gale<\/strong>,&nbsp;<strong>Balti\u0107 Nikola<\/strong>,&nbsp;<strong>Bogavac Dragana<\/strong>,<strong>&nbsp;Bo\u0161kovi\u0107 Aleksandar<\/strong>,&nbsp;<strong>Vasovi\u0107 Boban<\/strong>,&nbsp;<strong>Vidojevi\u0107 Radovan<\/strong>,&nbsp;<strong>Vuji\u010di\u0107 Vujadin<\/strong>,&nbsp;<strong>Vujisi\u0107 Matija<\/strong>,&nbsp;<strong>Vukovi\u0107 Zoran<\/strong>,&nbsp;<strong>Vukovic<\/strong>&nbsp;<strong>Radenko<\/strong>,&nbsp;<strong>Vu\u010dini\u0107 Milan<\/strong>,&nbsp;<strong>Vukadinovi\u0107 Tamara<\/strong>,&nbsp;<strong>Damjanovi\u0107 Radovan<\/strong>,<strong>&nbsp;Deli\u0107 Vesko<\/strong>,&nbsp;<strong>Deli\u0107 \u0110or\u0111e<\/strong>,&nbsp;<strong>Deli\u0107 Sara<\/strong>,&nbsp;<strong>Deli\u0107-Stani\u0107 Sara<\/strong>,&nbsp;<strong>Dra\u0161kovi\u0107 Nikola<\/strong>,&nbsp;<strong>Dra\u0161kovi\u0107 Sr\u0111an<\/strong>,&nbsp;<strong>Dra\u0161kovi\u0107 Sla\u0111ana<\/strong>,&nbsp;<strong>Dulovi\u0107 Golub,<\/strong>&nbsp;<strong>Dulovi\u0107 Drago,<\/strong>&nbsp;<strong>Zejak Darko<\/strong>,&nbsp;<strong>Zejak Miloje<\/strong>,&nbsp;<strong>Zejak Milo\u0161<\/strong>,&nbsp;<strong>Zejak Ljubomir<\/strong>,&nbsp;<strong>Zindovi\u0107 Velislav<\/strong>,&nbsp;<strong>Jevri\u0107 \u0110uro<\/strong>,&nbsp;<strong>Joki\u0107 Ivan<\/strong>,&nbsp;<strong>Ju\u0161kovi\u0107 Nenad<\/strong>,&nbsp;<strong>Kosovi\u0107 Zdravko<\/strong>,&nbsp;<strong>Krgovi\u0107 \u017darko<\/strong>,&nbsp;<strong>Krgovi\u0107 Radoje<\/strong>,<strong>&nbsp;Kr\u0161ikapa Stefan<\/strong>,&nbsp;<strong>La\u0161i\u0107 Ivana<\/strong>,&nbsp;<strong>La\u0161i\u0107<\/strong>&nbsp;<strong>Mi\u0107o<\/strong>,&nbsp;<strong>La\u0161i\u0107<\/strong>&nbsp;<strong>Novo<\/strong>,&nbsp;<strong>Ljuji\u0107 Ivana<\/strong>,<strong>&nbsp;Mandi\u0107 Drago<\/strong>,&nbsp;<strong>Medojevi\u0107 Ivan<\/strong>,&nbsp;<strong>Medojevi\u0107 Ivana<\/strong>,&nbsp;<strong>Medojevi\u0107 \u017deljko,<\/strong>&nbsp;<strong>Mini\u0107 Bojan<\/strong>,&nbsp;<strong>Mini\u0107 \u017darko<\/strong>,<strong>&nbsp;Mrdak Aleksandar<\/strong>,&nbsp;<strong>Nedovi\u0107 Goran<\/strong>,<strong>&nbsp;Palevi\u0107 Spasoje<\/strong>,&nbsp;<strong>Pekovi\u0107 Danilo<\/strong>,&nbsp;<strong>Pekovi\u0107 Miodrag<\/strong>,&nbsp;<strong>Petrovi\u0107 Nikola<\/strong>,&nbsp;<strong>Radenovi\u0107 Filip<\/strong>,&nbsp;<strong>Radulovi\u0107 Danilo, Rako\u010devi\u0107 Veselin<\/strong>,&nbsp;<strong>Rako\u010devi\u0107 Zlatko<\/strong>,&nbsp;<strong>Rmandi\u0107 Ivan<\/strong>,&nbsp;<strong>Smolovi\u0107 Velimir,<\/strong>&nbsp;<strong>Smolovi\u0107 Miljan<\/strong>,&nbsp;<strong>So\u0161i\u0107 Dejan<\/strong>,&nbsp;<strong>So\u0161i\u0107 Miomir<\/strong>,&nbsp;<strong>So\u0161i\u0107 Predrag,<\/strong>&nbsp;<strong>Stani\u0107 Vladimir<\/strong>,&nbsp;<strong>Tomovi\u0107 Dragan<\/strong>,<strong>&nbsp;Tomovi\u0107 Rajka<\/strong>,&nbsp;<strong>Tomovi\u0107 Sanja<\/strong>,&nbsp;<strong>Tomovi\u0107 Vuka\u0161in<\/strong>,&nbsp;<strong>Tripkovi\u0107 Dragan<\/strong>,&nbsp;<strong>\u0106ori\u0107 Vukajlo<\/strong>,&nbsp;<strong>\u0106ori\u0107 Dragan<\/strong>,&nbsp;<strong>Filipovi\u0107 Dragana,<\/strong>&nbsp;<strong>Fu\u0161ti\u0107 Ne\u0111o<\/strong>.<\/p>","protected":false},"excerpt":{"rendered":"<p>Izvr\u0161ni odbor Nove srpske demokratije danas je, u skladu sa Statutom stranke, jednoglasno proglasio novi Op\u0161tinski odbor NSD u Mojkovcu, saop\u0161teno je NSD-a<\/p>","protected":false},"author":13,"featured_media":899339,"comment_status":"open","ping_status":"open","sticky":false,"template":"","format":"standard","meta":{"_acf_changed":false,"footnotes":"","jetpack_publicize_message":"","jetpack_publicize_feature_enabled":true,"jetpack_social_post_already_shared":false,"jetpack_social_options":{"image_generator_settings":{"template":"highway","default_image_id":0,"font":"","enabled":false},"version":2}},"categories":[7],"tags":[254,5808],"naslovna":[],"class_list":["post-914593","post","type-post","status-publish","format-standard","has-post-thumbnail","hentry","category-politika","tag-mojkovac","tag-vesko-delic"],"acf":[],"jetpack_publicize_connections":[],"_links":{"self":[{"href":"https:\/\/gradski.me\/en\/wp-json\/wp\/v2\/posts\/914593","targetHints":{"allow":["GET"]}}],"collection":[{"href":"https:\/\/gradski.me\/en\/wp-json\/wp\/v2\/posts"}],"about":[{"href":"https:\/\/gradski.me\/en\/wp-json\/wp\/v2\/types\/post"}],"author":[{"embeddable":true,"href":"https:\/\/gradski.me\/en\/wp-json\/wp\/v2\/users\/13"}],"replies":[{"embeddable":true,"href":"https:\/\/gradski.me\/en\/wp-json\/wp\/v2\/comments?post=914593"}],"version-history":[{"count":1,"href":"https:\/\/gradski.me\/en\/wp-json\/wp\/v2\/posts\/914593\/revisions"}],"predecessor-version":[{"id":914595,"href":"https:\/\/gradski.me\/en\/wp-json\/wp\/v2\/posts\/914593\/revisions\/914595"}],"wp:featuredmedia":[{"embeddable":true,"href":"https:\/\/gradski.me\/en\/wp-json\/wp\/v2\/media\/899339"}],"wp:attachment":[{"href":"https:\/\/gradski.me\/en\/wp-json\/wp\/v2\/media?parent=914593"}],"wp:term":[{"taxonomy":"category","embeddable":true,"href":"https:\/\/gradski.me\/en\/wp-json\/wp\/v2\/categories?post=914593"},{"taxonomy":"post_tag","embeddable":true,"href":"https:\/\/gradski.me\/en\/wp-json\/wp\/v2\/tags?post=914593"},{"taxonomy":"naslovna","embeddable":true,"href":"https:\/\/gradski.me\/en\/wp-json\/wp\/v2\/naslovna?post=914593"}],"curies":[{"name":"wp","href":"https:\/\/api.w.org\/{rel}","templated":true}]}}