{"id":914423,"date":"2026-03-05T12:27:00","date_gmt":"2026-03-05T11:27:00","guid":{"rendered":"https:\/\/gradski.me\/?p=914423"},"modified":"2026-03-05T11:49:20","modified_gmt":"2026-03-05T10:49:20","slug":"saljaj-administrativne-prepreke-uskracuju-pravo-na-lijecenje-romima-i-egipcanima","status":"publish","type":"post","link":"https:\/\/gradski.me\/en\/drustvo\/saljaj-administrativne-prepreke-uskracuju-pravo-na-lijecenje-romima-i-egipcanima\/","title":{"rendered":"\u0160alaj: Administrative obstacles deny Roma and Egyptians the right to medical treatment"},"content":{"rendered":"<p><\/p>\n\n\n\n<p><\/p>\n\n\n\n<p><\/p>\n\n\n\n<p>\u201cZbog administrativnih prepreka vezanih za sistem osiguranja na Kosovu, ova lica u Crnoj Gori i dalje ne mogu ostvariti pravo na zdravstvenu za\u0161titu kroz Fond za zdravstveno osiguranje\u201d, istakao je \u0160aljaj.<\/p>\n\n\n\n<p>To, kako navodi, u praksi zna\u010di da su prinu\u0111eni da zdravstvene usluge pla\u0107aju sami ili da odlaze na Kosovo kako bi ostvarili pravo na lije\u010denje, dok odre\u0111ene zdravstvene usluge, poput operacija i poro\u0111aja, nijesu dostupne bez zna\u010dajnih tro\u0161kova.<\/p>\n\n\n\n<p>\u201cPostavlja se ozbiljno pitanje \u2013 da li je zaista potrebno vi\u0161e od pola godine da se prona\u0111e rje\u0161enje za pitanje koje se ti\u010de osnovnog ljudskog prava na zdravstvenu za\u0161titu? Da li su bilateralni odnosi sa Kosovom toliko slabi da se ne mo\u017ee prona\u0107i administrativni model koji bi omogu\u0107io ovim ljudima pristup zdravstvenim uslugama u zemlji u kojoj \u017eive. Istovremeno se name\u0107e i drugo pitanje: da li na ovaj na\u010din \u017eelimo da i ono malo pripadnika romske i egip\u0107anske zajednice koje \u017eivi u Crnoj Gori dodatno marginalizujemo ili \u010dak indirektno podstaknemo njihovo iseljavanje?\u201d, naveo je \u0160aljaj.<\/p>\n\n\n\n<p>On je podsjetio da Crna Gora ve\u0107 sada ima jedan od najmanjih brojeva pripadnika romske i egip\u0107anske zajednice u regionu.<\/p>\n\n\n\n<p>\u201eVe\u0107 vi\u0161e od \u0161est mjeseci Romi i Egip\u0107ani sa privremenim i stalnim boravkom u Crnoj Gori nemaju pristup osnovnom pravu \u2013 zdravstvenoj za\u0161titi. Postavlja se pitanje da li ovi ljudi treba da \u010dekaju da se razbole, da ne mogu dobiti lije\u010denje ili da nemaju pravo na bezbjedan poro\u0111aj kako bi dr\u017eava kona\u010dno reagovala i rije\u0161ila problem koji traje predugo\u201c, kazao je \u0160aljaj.<\/p>\n\n\n\n<p>Iz Romskog savjeta o\u010dekuju od nadle\u017enih institucija da hitno pristupe rje\u0161avanju ovog problema i obezbijede da Romi i Egip\u0107ani sa privremenim i stalnim boravkom u Crnoj Gori imaju pristup osnovnim pravima, me\u0111u kojima je i pravo na zdravstvenu za\u0161titu.<\/p>","protected":false},"excerpt":{"rendered":"<p>Vi\u0161e od \u0161est mjeseci pro\u0161lo je otkako su ministar zdravlja\u00a0Vojislav \u0160imun\u00a0i ministar ljudskih i manjinskih prava\u00a0Fatmir \u0110eka\u00a0razmatrali inicijativu da se Romima i Egip\u0107anima sa privremenim i stalnim boravkom u Crnoj Gori omogu\u0107i ponovno ostvarivanje prava na zdravstveno osiguranje. Uprkos tome, do danas nije napravljen nijedan konkretan korak kako bi se ovaj ozbiljan problem rije\u0161io,\u00a0kazao je predsjednik Romskog savjeta\u00a0Mensur \u0160aljaj.<\/p>","protected":false},"author":7,"featured_media":839686,"comment_status":"open","ping_status":"open","sticky":false,"template":"","format":"standard","meta":{"_acf_changed":false,"footnotes":"","jetpack_publicize_message":"","jetpack_publicize_feature_enabled":true,"jetpack_social_post_already_shared":false,"jetpack_social_options":{"image_generator_settings":{"template":"highway","default_image_id":0,"font":"","enabled":false},"version":2}},"categories":[9],"tags":[1119,20433],"naslovna":[],"class_list":["post-914423","post","type-post","status-publish","format-standard","has-post-thumbnail","hentry","category-drustvo","tag-romi","tag-saljaj"],"acf":[],"jetpack_publicize_connections":[],"_links":{"self":[{"href":"https:\/\/gradski.me\/en\/wp-json\/wp\/v2\/posts\/914423","targetHints":{"allow":["GET"]}}],"collection":[{"href":"https:\/\/gradski.me\/en\/wp-json\/wp\/v2\/posts"}],"about":[{"href":"https:\/\/gradski.me\/en\/wp-json\/wp\/v2\/types\/post"}],"author":[{"embeddable":true,"href":"https:\/\/gradski.me\/en\/wp-json\/wp\/v2\/users\/7"}],"replies":[{"embeddable":true,"href":"https:\/\/gradski.me\/en\/wp-json\/wp\/v2\/comments?post=914423"}],"version-history":[{"count":1,"href":"https:\/\/gradski.me\/en\/wp-json\/wp\/v2\/posts\/914423\/revisions"}],"predecessor-version":[{"id":914425,"href":"https:\/\/gradski.me\/en\/wp-json\/wp\/v2\/posts\/914423\/revisions\/914425"}],"wp:featuredmedia":[{"embeddable":true,"href":"https:\/\/gradski.me\/en\/wp-json\/wp\/v2\/media\/839686"}],"wp:attachment":[{"href":"https:\/\/gradski.me\/en\/wp-json\/wp\/v2\/media?parent=914423"}],"wp:term":[{"taxonomy":"category","embeddable":true,"href":"https:\/\/gradski.me\/en\/wp-json\/wp\/v2\/categories?post=914423"},{"taxonomy":"post_tag","embeddable":true,"href":"https:\/\/gradski.me\/en\/wp-json\/wp\/v2\/tags?post=914423"},{"taxonomy":"naslovna","embeddable":true,"href":"https:\/\/gradski.me\/en\/wp-json\/wp\/v2\/naslovna?post=914423"}],"curies":[{"name":"wp","href":"https:\/\/api.w.org\/{rel}","templated":true}]}}