{"id":913996,"date":"2026-03-04T15:38:40","date_gmt":"2026-03-04T14:38:40","guid":{"rendered":"https:\/\/gradski.me\/?p=913996"},"modified":"2026-03-04T15:38:41","modified_gmt":"2026-03-04T14:38:41","slug":"dukaj-pokrenute-inicijative-za-imenovanje-potpredsjednika-opstine-u-plavu-pluzinama-i-budvi","status":"publish","type":"post","link":"https:\/\/gradski.me\/en\/drustvo\/dukaj-pokrenute-inicijative-za-imenovanje-potpredsjednika-opstine-u-plavu-pluzinama-i-budvi\/","title":{"rendered":"Dukaj: Initiatives launched for the appointment of deputy mayors in Plav, Plu\u017eine and Budva"},"content":{"rendered":"<p>Dukaj je u objavi na mre\u017ei Iks kazao da \u0107e akti o imenovanju potpredsjednika biti upu\u0107eni skup\u0161tinama op\u0161tina na davanje saglasnosti.<\/p>\n\n\n\n<p>&#8222;Ministarstvo javne uprave nastavi\u0107e da prati realizaciju navedenih obaveza uz preduzimanje odgovaraju\u0107ih mjera kojima se podsti\u010de dosljedna i pravilna primjene propisa&#8220;, poru\u010dio je ministar.<\/p>\n\n\n\n<figure class=\"wp-block-embed is-type-rich is-provider-twitter wp-block-embed-twitter\"><div class=\"wp-block-embed__wrapper\">\n<blockquote class=\"twitter-tweet\" data-width=\"550\" data-dnt=\"true\"><p lang=\"und\" dir=\"ltr\">U vezi sa sprovedenim nadzorom izvr\u0161avanja obaveze imenovanja potpredsjednika u op\u0161tinama Plav, Plu\u017eine i Budva, <a href=\"https:\/\/twitter.com\/javnaupravamne?ref_src=twsrc%5Etfw\" target=\"_blank\" rel=\"noopener\">@javnaupravamne<\/a> dobilo je zvani\u010dno obavje\u0161tenje od predsjednika ovih op\u0161tina da su procedure imenovanja potpredsjednika pokrenute u sve tri jedinice lokalne\u2026<\/p>&mdash; Marash Dukaj (@mdukaj1) <a href=\"https:\/\/twitter.com\/mdukaj1\/status\/2029199818141106570?ref_src=twsrc%5Etfw\" target=\"_blank\" rel=\"noopener\">March 4, 2026<\/a><\/blockquote><script async src=\"https:\/\/platform.twitter.com\/widgets.js\" charset=\"utf-8\"><\/script>\n<\/div><\/figure>","protected":false},"excerpt":{"rendered":"<p>Ministar javne uprave, Mara\u0161 Dukaj, saop\u0161tio je da je resorno ministarstvo, u vezi sa sprovedenim nadzorom izvr\u0161avanja obaveze imenovanja potpredsjednika u op\u0161tinama Plav, Plu\u017eine i Budva, dobilo zvani\u010dno obavje\u0161tenje od predsjednika ovih op\u0161tina da su procedure imenovanja potpredsjednika pokrenute u sve tri jedinice lokalne samouprave.<\/p>","protected":false},"author":13,"featured_media":905209,"comment_status":"open","ping_status":"open","sticky":false,"template":"","format":"standard","meta":{"_acf_changed":false,"footnotes":"","jetpack_publicize_message":"","jetpack_publicize_feature_enabled":true,"jetpack_social_post_already_shared":false,"jetpack_social_options":{"image_generator_settings":{"template":"highway","default_image_id":0,"font":"","enabled":false},"version":2}},"categories":[9],"tags":[129,5788],"naslovna":[],"class_list":["post-913996","post","type-post","status-publish","format-standard","has-post-thumbnail","hentry","category-drustvo","tag-maras-dukaj","tag-mju"],"acf":[],"jetpack_publicize_connections":[],"_links":{"self":[{"href":"https:\/\/gradski.me\/en\/wp-json\/wp\/v2\/posts\/913996","targetHints":{"allow":["GET"]}}],"collection":[{"href":"https:\/\/gradski.me\/en\/wp-json\/wp\/v2\/posts"}],"about":[{"href":"https:\/\/gradski.me\/en\/wp-json\/wp\/v2\/types\/post"}],"author":[{"embeddable":true,"href":"https:\/\/gradski.me\/en\/wp-json\/wp\/v2\/users\/13"}],"replies":[{"embeddable":true,"href":"https:\/\/gradski.me\/en\/wp-json\/wp\/v2\/comments?post=913996"}],"version-history":[{"count":1,"href":"https:\/\/gradski.me\/en\/wp-json\/wp\/v2\/posts\/913996\/revisions"}],"predecessor-version":[{"id":914004,"href":"https:\/\/gradski.me\/en\/wp-json\/wp\/v2\/posts\/913996\/revisions\/914004"}],"wp:featuredmedia":[{"embeddable":true,"href":"https:\/\/gradski.me\/en\/wp-json\/wp\/v2\/media\/905209"}],"wp:attachment":[{"href":"https:\/\/gradski.me\/en\/wp-json\/wp\/v2\/media?parent=913996"}],"wp:term":[{"taxonomy":"category","embeddable":true,"href":"https:\/\/gradski.me\/en\/wp-json\/wp\/v2\/categories?post=913996"},{"taxonomy":"post_tag","embeddable":true,"href":"https:\/\/gradski.me\/en\/wp-json\/wp\/v2\/tags?post=913996"},{"taxonomy":"naslovna","embeddable":true,"href":"https:\/\/gradski.me\/en\/wp-json\/wp\/v2\/naslovna?post=913996"}],"curies":[{"name":"wp","href":"https:\/\/api.w.org\/{rel}","templated":true}]}}