{"id":913878,"date":"2026-03-04T13:06:37","date_gmt":"2026-03-04T12:06:37","guid":{"rendered":"https:\/\/gradski.me\/?p=913878"},"modified":"2026-03-13T20:27:31","modified_gmt":"2026-03-13T19:27:31","slug":"vlada-i-mvp-preduzeli-hitne-mjere-na-evakuaciji-crnogorskih-drzavljana-sa-bliskog-istoka","status":"publish","type":"post","link":"https:\/\/gradski.me\/en\/politika\/vlada-i-mvp-preduzeli-hitne-mjere-na-evakuaciji-crnogorskih-drzavljana-sa-bliskog-istoka\/","title":{"rendered":"The Government and the Ministry of Foreign Affairs have taken urgent measures to evacuate Montenegrin citizens from the Middle East."},"content":{"rendered":"<p><br><\/p>\n\n\n\n<p><br>Kako navode u saop\u0161tenju, Ministarstvo vanjskih poslova formiralo je Krizni \u0161tab koji je stupio u kontakt sa Ambasadom Crne Gore u Ujedinjenim Arapskim Emiratima, Ambasadom Crne Gore u Turskoj, Generalnim konzulatom u lstanbulu, Kancelarijom Crne Gore u Azerbejd\u017eanu, te po\u010dasnim konzulatima u Jordanu i Libanu. MVP je u stalnom kontaktu i sa relevantnim me\u0111unarodnim i lokalnim partnerima.<\/p>\n\n\n\n<p>Od po\u010detka krize Ministarstvo vanjskih poslova izdalo je saop\u0161tenja i putem medija i drugih komunikacionih kanala savjetovalo crnogorske dr\u017eavljane da zadr\u017ee prisebnost i postupaju promi\u0161ljeno i odgovorno, da stave u prvi plan sopstvenu bezbjednost, dosljedno se pridr\u017eavaju\u0107i uputstava i preporuka lokalnih vlasti, te da redovno prate<br>zvani\u010dna saop\u0161tenja Ministarstva vanjskih poslova Crne Gore. lmaju\u0107i u vidu privremene obustave i ograni\u010denja u vazdu\u0161nom saobra\u0107aju u dijelu regiona Bliskog istoka, putnicima se savjetuje da ostanu u kontaktu sa avio-kompanijama kako bi bili blagovremeno informisani o promjenama u rasporedu letova i alternativnim rje\u0161enjima za nastavak putovanja.<\/p>\n\n\n\n<p>&#8222;lmaju\u0107i u vidu da se razvoj situacije u kontinuitetu dodatno uslo\u017enjava, a u cilju za\u0161tite bezbjednosti i \u017eivota crnogorskih dr\u017eavljana na Bliskom istoku, Ministarstvo vanjskih poslova cijeni da je neophodno preduzeti korake koji bi rezultirali hitnom evakuacijom crnogorskih dr\u017eavljana koji se nalaze na ovom prostoru, a na teret dr\u017eave Crne Gore kako je uobi\u010dajeno u ovakvim situacijama. Krizni \u0161tab Ministarstva vanjskih poslova zajedno sa relevantnim institucijama i diplomatsko-konzularnim predstavnistvima spremno je da preduzme sve potrebne korake za organizaciju i sprovodenje evakuacije, uklju\u010duju\u0107i organizaciju specijalnog humanitarnog leta iz Egipta, kojim bi se evakuisali crnogorski dr\u017eavljani koji su boravili u turisti\u010dkoj posjeti Jordanu i oni koji se nalaze na teritoriji Egipta, kao i da koordinira anga\u017eovanje vazduhoplova iz flote nacionalne avio-kompanije&#8220;, navode u saop\u0161tenju.<\/p>","protected":false},"excerpt":{"rendered":"<p>Vlada je ju\u010de na osnovu pribavljene saglasnosti ve\u0107ine \u010dlanova Vlade, usvojila informacije o potrebi hitne evakuacije crnogorskih dr\u017eavljana sa Bliskog istoka, i u tom pravcu je Ministarstvo vanjskih poslova, odmah po izbijanju krize na Bliskom istoku, preduzelo hitne neophodne poslove i radnje u cilju za\u0161tite crnogorskih dr\u017eavljana koji se nalaze na ovom podru\u010dju.<\/p>","protected":false},"author":5,"featured_media":900576,"comment_status":"open","ping_status":"open","sticky":false,"template":"","format":"standard","meta":{"_acf_changed":false,"footnotes":"","jetpack_publicize_message":"","jetpack_publicize_feature_enabled":true,"jetpack_social_post_already_shared":false,"jetpack_social_options":{"image_generator_settings":{"template":"highway","default_image_id":0,"font":"","enabled":false},"version":2}},"categories":[7],"tags":[3274,2322,1592,1168],"naslovna":[],"class_list":["post-913878","post","type-post","status-publish","format-standard","has-post-thumbnail","hentry","category-politika","tag-bliski-istok","tag-krizni-stab","tag-mvp","tag-vlada"],"acf":[],"jetpack_publicize_connections":[],"_links":{"self":[{"href":"https:\/\/gradski.me\/en\/wp-json\/wp\/v2\/posts\/913878","targetHints":{"allow":["GET"]}}],"collection":[{"href":"https:\/\/gradski.me\/en\/wp-json\/wp\/v2\/posts"}],"about":[{"href":"https:\/\/gradski.me\/en\/wp-json\/wp\/v2\/types\/post"}],"author":[{"embeddable":true,"href":"https:\/\/gradski.me\/en\/wp-json\/wp\/v2\/users\/5"}],"replies":[{"embeddable":true,"href":"https:\/\/gradski.me\/en\/wp-json\/wp\/v2\/comments?post=913878"}],"version-history":[{"count":1,"href":"https:\/\/gradski.me\/en\/wp-json\/wp\/v2\/posts\/913878\/revisions"}],"predecessor-version":[{"id":913882,"href":"https:\/\/gradski.me\/en\/wp-json\/wp\/v2\/posts\/913878\/revisions\/913882"}],"wp:featuredmedia":[{"embeddable":true,"href":"https:\/\/gradski.me\/en\/wp-json\/wp\/v2\/media\/900576"}],"wp:attachment":[{"href":"https:\/\/gradski.me\/en\/wp-json\/wp\/v2\/media?parent=913878"}],"wp:term":[{"taxonomy":"category","embeddable":true,"href":"https:\/\/gradski.me\/en\/wp-json\/wp\/v2\/categories?post=913878"},{"taxonomy":"post_tag","embeddable":true,"href":"https:\/\/gradski.me\/en\/wp-json\/wp\/v2\/tags?post=913878"},{"taxonomy":"naslovna","embeddable":true,"href":"https:\/\/gradski.me\/en\/wp-json\/wp\/v2\/naslovna?post=913878"}],"curies":[{"name":"wp","href":"https:\/\/api.w.org\/{rel}","templated":true}]}}