{"id":912620,"date":"2026-03-03T14:36:00","date_gmt":"2026-03-03T13:36:00","guid":{"rendered":"https:\/\/gradski.me\/?p=912620"},"modified":"2026-03-03T13:07:32","modified_gmt":"2026-03-03T12:07:32","slug":"hra-poziv-za-mlade-kafa-sa-sjecanjem","status":"publish","type":"post","link":"https:\/\/gradski.me\/en\/drustvo\/hra-poziv-za-mlade-kafa-sa-sjecanjem\/","title":{"rendered":"HRA: Invitation for young people \u2013 Coffee with memories"},"content":{"rendered":"<p>\u201cOvi susreti su osmi\u0161ljeni kao razgovor za razmjenu li\u010dnih sje\u0107anja na ratna i antiratna iskustva iz devedesetih godina. Cilj je podsta\u0107i dijalog o naslje\u0111u devedesetih, upoznati nove generacije sa posljedicama ratne propagande i kr\u0161enja ljudskih prava i pru\u017eiti bolji uvid o bli\u017eoj pro\u0161losti koja i danas optere\u0107uje odnose zemalja u okru\u017eenju\u201d, navode iz HRA.<\/p>\n\n\n\n<p>Tokom susreta govori\u0107e se o ratnim devedesetima u Crnoj Gori kroz pri\u010de u\u010desnika \u010diji su \u017eivoti bili obilje\u017eeni ratom i njegovim posljedicama.<\/p>\n\n\n\n<p>\u201cRazgovor \u0107e pru\u017eiti priliku za postavljanje pitanja i razmjenu mi\u0161ljenja o tome kako se taj period danas pamti i na koji na\u010din i dalje uti\u010de na dru\u0161tvene odnose\u201d, dodaje HRA.<\/p>\n\n\n\n<p>Susretu \u0107e prisustvovati istori\u010dar&nbsp;<strong>Milos Vukanovic<\/strong>&nbsp;i psiholog&nbsp;<strong>Radoje Cerovi\u0107<\/strong>, koji \u0107e ponuditi \u0161iri istorijski i dru\u0161tveni kontekst, ukazati na posljedice ratova po dru\u0161tvo i govoriti o uticaju trauma na pojedince. U razgovoru \u0107e u\u010destvovati i ratni veterani, spremni da sa mladima podijele svoja li\u010dna iskustva.<\/p>\n\n\n\n<p>\u201cNamjera ovih susreta je da se pro\u0161lost sagleda izvan mitova, pojednostavljenih narativa i politi\u010dkih poruka, te da se podstakne odgovoran i argumentovan dijalog zasnovan na \u010dinjenicama, razumijevanju i me\u0111usobnom po\u0161tovanju. Pozivamo te da nam se pridru\u017ei\u0161 i u\u010destvuje\u0161 u razgovoru o ratnoj pro\u0161losti, njenim posljedicama i lekcijama koje nam mogu pomo\u0107i da danas reagujemo odgovornije i odupremo se narativima koji vode ka novim podjelama i sukobima. Broj mjesta je ograni\u010den, zato vas molimo da se prijavite najkasnije do 8. marta putem e-maila:&nbsp;hra@t-com.me, uz naznaku da li se prijavljujete za Podgoricu ili Bar\u201d, isti\u010de HRA.<\/p>\n\n\n\n<p>Aktivnost \u201eKafa sa sje\u0107anjem\u201d organizuje se u okviru projekta \u201eZajedno do trajnog mira kroz obrazovanje, dijalog i memorijalizaciju\u201d, koji sprovodi Akcija za ljudska prava.<\/p>\n\n\n\n<p>Projekat se realizuje uz podr\u0161ku regionalne incijative \u201ePodr\u0161ka EU izgradnji povjerenja na Zapadnom Balkanu\u201d, koju finansira Evropska unija a sprovodi Program Ujedinjenih nacija za razvoj (UNDP).<\/p>","protected":false},"excerpt":{"rendered":"<p>Akcija za ljudska prava (HRA) poziva mlade gra\u0111anke i gra\u0111ane da u\u010destvuju u susretima \u201eKafa sa sje\u0107anjem\u201d, koji \u0107e biti odr\u017eani 13. marta u Podgorici (Evropska ku\u0107a) i 20. marta u Baru (Evropska ku\u0107a).<\/p>","protected":false},"author":7,"featured_media":912625,"comment_status":"open","ping_status":"open","sticky":false,"template":"","format":"standard","meta":{"_acf_changed":false,"footnotes":"","jetpack_publicize_message":"","jetpack_publicize_feature_enabled":true,"jetpack_social_post_already_shared":false,"jetpack_social_options":{"image_generator_settings":{"template":"highway","default_image_id":0,"font":"","enabled":false},"version":2}},"categories":[9],"tags":[2339,20294,20293],"naslovna":[],"class_list":["post-912620","post","type-post","status-publish","format-standard","has-post-thumbnail","hentry","category-drustvo","tag-hra","tag-kafa-sa-asjecanjem","tag-poziv-za-mlade"],"acf":[],"jetpack_publicize_connections":[],"_links":{"self":[{"href":"https:\/\/gradski.me\/en\/wp-json\/wp\/v2\/posts\/912620","targetHints":{"allow":["GET"]}}],"collection":[{"href":"https:\/\/gradski.me\/en\/wp-json\/wp\/v2\/posts"}],"about":[{"href":"https:\/\/gradski.me\/en\/wp-json\/wp\/v2\/types\/post"}],"author":[{"embeddable":true,"href":"https:\/\/gradski.me\/en\/wp-json\/wp\/v2\/users\/7"}],"replies":[{"embeddable":true,"href":"https:\/\/gradski.me\/en\/wp-json\/wp\/v2\/comments?post=912620"}],"version-history":[{"count":1,"href":"https:\/\/gradski.me\/en\/wp-json\/wp\/v2\/posts\/912620\/revisions"}],"predecessor-version":[{"id":912626,"href":"https:\/\/gradski.me\/en\/wp-json\/wp\/v2\/posts\/912620\/revisions\/912626"}],"wp:featuredmedia":[{"embeddable":true,"href":"https:\/\/gradski.me\/en\/wp-json\/wp\/v2\/media\/912625"}],"wp:attachment":[{"href":"https:\/\/gradski.me\/en\/wp-json\/wp\/v2\/media?parent=912620"}],"wp:term":[{"taxonomy":"category","embeddable":true,"href":"https:\/\/gradski.me\/en\/wp-json\/wp\/v2\/categories?post=912620"},{"taxonomy":"post_tag","embeddable":true,"href":"https:\/\/gradski.me\/en\/wp-json\/wp\/v2\/tags?post=912620"},{"taxonomy":"naslovna","embeddable":true,"href":"https:\/\/gradski.me\/en\/wp-json\/wp\/v2\/naslovna?post=912620"}],"curies":[{"name":"wp","href":"https:\/\/api.w.org\/{rel}","templated":true}]}}