{"id":912512,"date":"2026-03-02T21:57:00","date_gmt":"2026-03-02T20:57:00","guid":{"rendered":"https:\/\/gradski.me\/?p=912512"},"modified":"2026-03-02T21:34:41","modified_gmt":"2026-03-02T20:34:41","slug":"jokic-tvrdnje-dps-a-o-radovima-na-ski-centru-zarski-su-neistina-i-politicka-manipulacija","status":"publish","type":"post","link":"https:\/\/gradski.me\/en\/politika\/jokic-tvrdnje-dps-a-o-radovima-na-ski-centru-zarski-su-neistina-i-politicka-manipulacija\/","title":{"rendered":"Joki\u0107: DPS's claims about works on the \u017darski ski center are untrue and political manipulation"},"content":{"rendered":"<p><\/p>\n\n\n\n<p>Joki\u0107 ka\u017ee da projekat ski-centra \u017darski je kompleksan infrastrukturni poduhvat koji zahtijeva faznu realizaciju, jasnu projektnu dokumentaciju, imovinsko-pravno ure\u0111enje i transparentno upravljanje sredstvima.<\/p>\n\n\n\n<p>&#8222;Upravo zbog neodgovornog planiranja i nedovr\u0161enih procedura iz perioda prethodne vlasti, projekat je zate\u010den u stanju koje nije omogu\u0107avalo nesmetan nastavak radova&#8220;, napisao je Joki\u0107 na Fejsbuk stranici.<\/p>\n\n\n\n<p>On je naveo da su Ministarstvo javnih radova i Vlada Crne Gore pristupili sistematskom rje\u0161avanju zate\u010denih problema, kako bi se obezbijedila zakonita, odr\u017eiva i finansijski odgovorna realizacija projekta.<\/p>\n\n\n\n<p>Isti\u010de da se radovi sprovode u skladu sa dinamikom koja je uslovljena tehni\u010dkim, administrativnim i finansijskim aspektima, a ne dnevno-politi\u010dkim potrebama.<\/p>\n\n\n\n<p>Prema njegovim rije\u010dima, \u010ditaju\u0107i posljednju izjavu za javnost OO DPS-a Mojkovac o navodnom zastoju radova na ski centru sti\u010de se utisak da nijesu vr\u0161ili vlast na lokalnom nivou \u0161esnaest godina i trideset na dr\u017eavnom.<\/p>\n\n\n\n<p>&#8222;Kao da nijesu imali dovoljno vremena da realizuju infrastrukturne projekte, a \u010diju realizaciju danas kritikuju? Kao da nemaju veze sa proma\u0161enim strate\u0161kim odlukama i koruptivnim djelovanjem?&#8220;, napisao je Joki\u0107.<\/p>\n\n\n\n<p>Kako je kazao, umjesto toga su imali vremena da zapo\u010dnu projekat skijali\u0161ta bez sprovedenog postupka eksproprijacije, postave stubove za \u017ei\u010daru bez rije\u0161enog pitanja elektro snabdijevanja.<\/p>\n\n\n\n<p>&#8222;Imali su vremena da zapo\u010dnu izgradnju jedne dionice pristupnog puta skijali\u0161tu, s fokusom na interese koncesionara mini hidro elektrana, te da najve\u0107e mrestili\u0161te Tare u mojkova\u010dkom slivu stave u cijevi i da iste te cijevi stave u put. Zbog svega toga danas gra\u0111ani opet pla\u0107aju sanaciju putnog pravca&#8220;, kazao je Joki\u0107.<\/p>\n\n\n\n<p>Stoga se, kako je rekao, name\u0107e pitanje da li OO DPS-a Mojkovac ispoljava sindrom kolektivne amnezije, kognitivnu disonancu ili je u pitanju ne\u0161to tre\u0107e?<\/p>\n\n\n\n<p>&#8222;Vjerujemo da \u0107e o tome sud dati gra\u0111ani. Do tada Pokret Evropa sad ostaje sna\u017eno posve\u0107en razvoju Mojkovca i sjevera Crne Gore&#8220;, poru\u010dio je Joki\u0107.<\/p>","protected":false},"excerpt":{"rendered":"<p>Dr\u017eavni sekretar Ministarstva javnih radova Marko Joki\u0107 saop\u0161tio je da tvrdnje DPS-a da se ne izvode radovi na ski-centru \u017darski i da su za to odgovorni Ministarstvo javnih radova i Vlada Crne Gore, pored toga \u0161to su neistina, predstavljaju jo\u0161 jedan u nizu poku\u0161aja politi\u010dke manipulacije i skretanja pa\u017enje sa \u010dinjenica.<\/p>","protected":false},"author":8,"featured_media":897404,"comment_status":"open","ping_status":"open","sticky":false,"template":"","format":"standard","meta":{"_acf_changed":false,"footnotes":"","jetpack_publicize_message":"","jetpack_publicize_feature_enabled":true,"jetpack_social_post_already_shared":false,"jetpack_social_options":{"image_generator_settings":{"template":"highway","default_image_id":0,"font":"","enabled":false},"version":2}},"categories":[7],"tags":[6147,20276],"naslovna":[],"class_list":["post-912512","post","type-post","status-publish","format-standard","has-post-thumbnail","hentry","category-politika","tag-marko-jokic","tag-pes-mojkovac"],"acf":[],"jetpack_publicize_connections":[],"_links":{"self":[{"href":"https:\/\/gradski.me\/en\/wp-json\/wp\/v2\/posts\/912512","targetHints":{"allow":["GET"]}}],"collection":[{"href":"https:\/\/gradski.me\/en\/wp-json\/wp\/v2\/posts"}],"about":[{"href":"https:\/\/gradski.me\/en\/wp-json\/wp\/v2\/types\/post"}],"author":[{"embeddable":true,"href":"https:\/\/gradski.me\/en\/wp-json\/wp\/v2\/users\/8"}],"replies":[{"embeddable":true,"href":"https:\/\/gradski.me\/en\/wp-json\/wp\/v2\/comments?post=912512"}],"version-history":[{"count":1,"href":"https:\/\/gradski.me\/en\/wp-json\/wp\/v2\/posts\/912512\/revisions"}],"predecessor-version":[{"id":912517,"href":"https:\/\/gradski.me\/en\/wp-json\/wp\/v2\/posts\/912512\/revisions\/912517"}],"wp:featuredmedia":[{"embeddable":true,"href":"https:\/\/gradski.me\/en\/wp-json\/wp\/v2\/media\/897404"}],"wp:attachment":[{"href":"https:\/\/gradski.me\/en\/wp-json\/wp\/v2\/media?parent=912512"}],"wp:term":[{"taxonomy":"category","embeddable":true,"href":"https:\/\/gradski.me\/en\/wp-json\/wp\/v2\/categories?post=912512"},{"taxonomy":"post_tag","embeddable":true,"href":"https:\/\/gradski.me\/en\/wp-json\/wp\/v2\/tags?post=912512"},{"taxonomy":"naslovna","embeddable":true,"href":"https:\/\/gradski.me\/en\/wp-json\/wp\/v2\/naslovna?post=912512"}],"curies":[{"name":"wp","href":"https:\/\/api.w.org\/{rel}","templated":true}]}}