{"id":912253,"date":"2026-03-02T19:38:00","date_gmt":"2026-03-02T18:38:00","guid":{"rendered":"https:\/\/gradski.me\/?p=912253"},"modified":"2026-03-03T10:34:01","modified_gmt":"2026-03-03T09:34:01","slug":"stadion-crvene-stijene-u-tolosima-uskoro-bi-mogao-dobiti-novo-ruho","status":"publish","type":"post","link":"https:\/\/gradski.me\/en\/podgorica\/stadion-crvene-stijene-u-tolosima-uskoro-bi-mogao-dobiti-novo-ruho\/","title":{"rendered":"(VIDEO) Crvene stijene Stadium in Tolo\u0161i will soon have a new look"},"content":{"rendered":"<p> Stadion Crvene stijene &#8211; nekada prepoznatljiv sportski simbol Podgorice, danas je u lo\u0161em stanju, pa je neminovna rekonstrukcija, ka\u017ee sekretar Sekretarijata za sport Darko Nik\u010devi\u0107.<br><\/p>\n\n\n\n<p>&#8222;Sada su se negdje prosto stekli uslovi da se taj stadion rekonstrui\u0161e, jer on stvarno kada smo obi\u0161li sami stadion u mnogo lo\u0161em je stanju kako sami stadion tako i svi ostali sportski sadr\u017eaj odnosno prate\u0107i sadr\u017eaji: od tribine, kancelarija, svla\u010dionica itd&#8220;, kazao je Nik\u010devi\u0107. <br><\/p>\n\n\n\n<p>Glavni grad bi\u0107e zadu\u017een za zemljane radove i drena\u017eu, dok \u0107e Fudbalski Savez obezbijediti novu vje\u0161ta\u010dku travu. Iz Sekretarijata isti\u010du da Podgorici fali kvalitetnih fudbalskih terena, zbog \u010dega su planirana ulaganja i u druge stadione, uklju\u010duju\u0107i Zabjelo. Cilj je povratak nekada\u0161njeg zna\u010daja lokalnih klubova i razvoj mladih talenata.<\/p>\n\n\n\n<figure class=\"wp-block-embed is-type-video is-provider-youtube wp-block-embed-youtube wp-embed-aspect-16-9 wp-has-aspect-ratio\"><div class=\"wp-block-embed__wrapper\">\n<iframe title=\"Stadion Crvene stijene uskoro \u0107e biti rekonstruisan\" width=\"800\" height=\"450\" src=\"https:\/\/www.youtube.com\/embed\/5Jt4eNl1MeY?feature=oembed\" frameborder=\"0\" allow=\"accelerometer; autoplay; clipboard-write; encrypted-media; gyroscope; picture-in-picture; web-share\" referrerpolicy=\"strict-origin-when-cross-origin\" allowfullscreen><\/iframe>\n<\/div><\/figure>\n\n\n\n<p><br><\/p>\n\n\n\n<p>&#8222;Sad za sad je primarno na\u0107i na\u010din da vratimo sjaj, da ka\u017eem, tim na\u0161im stadionima, jer stvarno mi starije generacije, koje to pamtimo u Podgorici i ono \u0161to je brend i ono \u0161to je imid\u017e su bili FK Kom, FK Mladost, FK Crvena stijena , FK Zabjelo da nekog ne zaboravim . To su bili rasadnici crnogorskih talenata&#8220;, kazao je Nik\u010devi\u0107. <br><\/p>\n\n\n\n<p>Ga\u0161enje fudbalskog kluba Crvena stijena izazvalo je nezadovoljstvo mje\u0161tana, ali iz gradske uprave nagla\u0161avaju da je njihov prioritet javni interes i obnova sportske infrastrukture, poput multifunkcionalne dvorane u okviru Streli\u010darskog centra Ljubovi\u0107.<\/p>","protected":false},"excerpt":{"rendered":"<p>Stadion Crvene stijene u Tolo\u0161ima uskoro bi mogao dobiti novo ruho, nakon \u0161to je Glavni grad inicirao njegovu rekonstrukciju \u2013 iz Sekretarijata za sport poru\u010duju da je cilj obnova zapu\u0161tenih fudbalskih terena i stvaranje boljih uslova za trening djece i razvoj sporta.<\/p>","protected":false},"author":5,"featured_media":912255,"comment_status":"open","ping_status":"open","sticky":false,"template":"","format":"standard","meta":{"_acf_changed":false,"footnotes":"","jetpack_publicize_message":"","jetpack_publicize_feature_enabled":true,"jetpack_social_post_already_shared":false,"jetpack_social_options":{"image_generator_settings":{"template":"highway","default_image_id":0,"font":"","enabled":false},"version":2}},"categories":[6],"tags":[19937,12814,4603],"naslovna":[],"class_list":["post-912253","post","type-post","status-publish","format-standard","has-post-thumbnail","hentry","category-podgorica","tag-crvena-stijena","tag-stadion","tag-tolosi"],"acf":[],"jetpack_publicize_connections":[],"_links":{"self":[{"href":"https:\/\/gradski.me\/en\/wp-json\/wp\/v2\/posts\/912253","targetHints":{"allow":["GET"]}}],"collection":[{"href":"https:\/\/gradski.me\/en\/wp-json\/wp\/v2\/posts"}],"about":[{"href":"https:\/\/gradski.me\/en\/wp-json\/wp\/v2\/types\/post"}],"author":[{"embeddable":true,"href":"https:\/\/gradski.me\/en\/wp-json\/wp\/v2\/users\/5"}],"replies":[{"embeddable":true,"href":"https:\/\/gradski.me\/en\/wp-json\/wp\/v2\/comments?post=912253"}],"version-history":[{"count":6,"href":"https:\/\/gradski.me\/en\/wp-json\/wp\/v2\/posts\/912253\/revisions"}],"predecessor-version":[{"id":912321,"href":"https:\/\/gradski.me\/en\/wp-json\/wp\/v2\/posts\/912253\/revisions\/912321"}],"wp:featuredmedia":[{"embeddable":true,"href":"https:\/\/gradski.me\/en\/wp-json\/wp\/v2\/media\/912255"}],"wp:attachment":[{"href":"https:\/\/gradski.me\/en\/wp-json\/wp\/v2\/media?parent=912253"}],"wp:term":[{"taxonomy":"category","embeddable":true,"href":"https:\/\/gradski.me\/en\/wp-json\/wp\/v2\/categories?post=912253"},{"taxonomy":"post_tag","embeddable":true,"href":"https:\/\/gradski.me\/en\/wp-json\/wp\/v2\/tags?post=912253"},{"taxonomy":"naslovna","embeddable":true,"href":"https:\/\/gradski.me\/en\/wp-json\/wp\/v2\/naslovna?post=912253"}],"curies":[{"name":"wp","href":"https:\/\/api.w.org\/{rel}","templated":true}]}}