{"id":911579,"date":"2026-03-01T08:37:00","date_gmt":"2026-03-01T07:37:00","guid":{"rendered":"https:\/\/rtvpg.me\/uncategorized\/vikend-sa-marijom-razic-ko-je-bila-milica-jedna-u-majke\/"},"modified":"2026-03-01T08:37:00","modified_gmt":"2026-03-01T07:37:00","slug":"vikend-sa-marijom-razic-ko-je-bila-milica-jedna-u-majke","status":"publish","type":"post","link":"https:\/\/gradski.me\/en\/podgorica\/vikend-sa-marijom-razic-ko-je-bila-milica-jedna-u-majke\/","title":{"rendered":"\"Weekend with Marija Razi\u0107\": Who was 'Milica, one of the mothers'?"},"content":{"rendered":"<p><\/p>\n\n\n\n<p><\/p>\n\n\n\n<p>What happens when we confide in ChatGPT or ask for advice? How to protect privacy in the era of artificial intelligence? What does the application of AI in schools entail? Our guest will be an expert in digital transformation and AI \u2013 Tara Miranovi\u0107, M.Sc.<\/p>\n\n\n\n<p>We also bring stories about the influence of social bots on our decisions, the importance of early literacy, the advancement of robotics, and a new art project that will transform the oldest bridge in Paris.<\/p>\n\n\n\n<p>We present \"\u010ceki\u0107\", the first Montenegrin board game of observation. The author of the game, Bo\u017eica Be\u0161ovi\u0107, will be our guest.<\/p>\n\n\n\n<p>In the Reading section, we solve linguistic dilemmas.<\/p>\n\n\n\n<p>In cooperation with friends of our show, we prepare numerous gifts for viewers, among them tickets for the cinema Cineplexx.<\/p>\n\n\n\n<p>Show editor-Marija Razi\u0107<\/p>\n\n\n\n<p>email: vikend.rtvpodgorica@gmail.com<\/p>\n\n\n\n<p>instagram page: @weekend.rtvpodgorica<\/p>","protected":false},"excerpt":{"rendered":"<p>Ko je bila ,,Milica, jedna u majke\u201d? Za odgovorima traga nagra\u0111ivana novinarka u penziji Olivera Olja Vukadinovi\u0107 kroz projekat ,,Jedna pjesma, jedna pri\u010da&#8220; koji na jedinstven na\u010din o\u017eivljava muziku stare Podgorice i Crne Gore. Cio radni vijek Olja je provela u saradnji sa dijasporom i u obilasku svijeta, pa i danas putuje i dokumentuje svoja putovanja. Prenije\u0107e nam kako izgleda \u017eivot po mjeri \u010dovjeka na Filipinima i kako je pla\u017ea, od najgore na svijetu za nekolio godina postala najbolja.<\/p>","protected":false},"author":16,"featured_media":898356,"comment_status":"open","ping_status":"open","sticky":false,"template":"","format":"standard","meta":{"_acf_changed":false,"footnotes":"","jetpack_publicize_message":"","jetpack_publicize_feature_enabled":true,"jetpack_social_post_already_shared":false,"jetpack_social_options":{"image_generator_settings":{"template":"highway","default_image_id":0,"font":"","enabled":false},"version":2}},"categories":[6],"tags":[28,13900],"naslovna":[],"class_list":["post-911579","post","type-post","status-publish","format-standard","has-post-thumbnail","hentry","category-podgorica","tag-podgorica","tag-vikend-sa-marijom"],"acf":[],"jetpack_publicize_connections":[],"_links":{"self":[{"href":"https:\/\/gradski.me\/en\/wp-json\/wp\/v2\/posts\/911579","targetHints":{"allow":["GET"]}}],"collection":[{"href":"https:\/\/gradski.me\/en\/wp-json\/wp\/v2\/posts"}],"about":[{"href":"https:\/\/gradski.me\/en\/wp-json\/wp\/v2\/types\/post"}],"author":[{"embeddable":true,"href":"https:\/\/gradski.me\/en\/wp-json\/wp\/v2\/users\/16"}],"replies":[{"embeddable":true,"href":"https:\/\/gradski.me\/en\/wp-json\/wp\/v2\/comments?post=911579"}],"version-history":[{"count":0,"href":"https:\/\/gradski.me\/en\/wp-json\/wp\/v2\/posts\/911579\/revisions"}],"wp:featuredmedia":[{"embeddable":true,"href":"https:\/\/gradski.me\/en\/wp-json\/wp\/v2\/media\/898356"}],"wp:attachment":[{"href":"https:\/\/gradski.me\/en\/wp-json\/wp\/v2\/media?parent=911579"}],"wp:term":[{"taxonomy":"category","embeddable":true,"href":"https:\/\/gradski.me\/en\/wp-json\/wp\/v2\/categories?post=911579"},{"taxonomy":"post_tag","embeddable":true,"href":"https:\/\/gradski.me\/en\/wp-json\/wp\/v2\/tags?post=911579"},{"taxonomy":"naslovna","embeddable":true,"href":"https:\/\/gradski.me\/en\/wp-json\/wp\/v2\/naslovna?post=911579"}],"curies":[{"name":"wp","href":"https:\/\/api.w.org\/{rel}","templated":true}]}}