{"id":911352,"date":"2026-02-28T20:33:00","date_gmt":"2026-02-28T19:33:00","guid":{"rendered":"https:\/\/rtvpg.me\/uncategorized\/stijepovic-zamislite-zlatna-koka-porodice-djukanovic-napada-upravu-policije\/"},"modified":"2026-03-06T17:08:14","modified_gmt":"2026-03-06T16:08:14","slug":"stijepovic-zamislite-zlatna-koka-porodice-djukanovic-napada-upravu-policije","status":"publish","type":"post","link":"https:\/\/gradski.me\/en\/politika\/stijepovic-zamislite-zlatna-koka-porodice-djukanovic-napada-upravu-policije\/","title":{"rendered":"Stijepovi\u0107: Imagine, the 'golden chicken' of the \u0110ukanovi\u0107 family attacks the Police Directorate"},"content":{"rendered":"<p><\/p>\n\n\n\n<p>&#8222;Kada im je trebalo sipati milione iz bud\u017eeta svih vas, a onda te iste milione obrtati kao ture pi\u0107a, tada je dr\u017eava bila \u201cpartner'&#8220;, navodi Stijepovi\u0107.<\/p>\n\n\n\n<p>Prema njegovim rije\u010dima, kada policija do\u0111e da provjeri \u0161ta se de\u0161ava \u2013 odjednom je to \u201cnapad\u201d.<\/p>\n\n\n\n<p>&#8222;Nevjerovatna transformacija: od korisnika dr\u017eavne infuzije i banke koja je svojevremeno kreditirala narko bosove do moralne vertikale&#8220;, isti\u010de on.<\/p>\n\n\n\n<p>Dodaje, izgleda da je u ovoj zemlji najve\u0107i problem to \u0161to je neko kona\u010dno pokucao na vrata koja su se godinama otvarala samo iznutra.<\/p>\n\n\n\n<p>&#8222;Na kraju, nakon ovih licemjernih reakcija, postavlja se logi\u010dno pitanje: smetaju li mo\u017eda i Prvoj banci predlo\u017eene izmjene Zakona o unutra\u0161njim poslovima?&#8220;, zaklju\u010duje Stijepovi\u0107.<\/p>\n\n\n\n<figure class=\"wp-block-embed is-type-wp-embed is-provider-gradski-portal wp-block-embed-gradski-portal\"><div class=\"wp-block-embed__wrapper\">\nhttps:\/\/gradski.me\/prva-banka-neopravdana-akcija-uprave-policije-nad-nasom-imovinom-i-nasim-klijentima\n<\/div><\/figure>","protected":false},"excerpt":{"rendered":"<p>Zamislite, uva\u017eeni gra\u0111ani Crne Gore, Prva banka, &#8222;zlatna koka&#8220; porodice \u0110ukanovi\u0107, napada Upravu policije. Banka koju je dr\u017eava svojevremeno spa\u0161avala na\u0161im novcem, uklju\u010duju\u0107i i pare penzionera, danas glumi instituciju koja dijeli lekcije o zakonitosti, kazao je poslanik Demokrata Du\u0161ko Stijepovi\u0107 komentari\u0161u\u0107i saop\u0161tenje Prve banke Crne Gore.<\/p>","protected":false},"author":16,"featured_media":911038,"comment_status":"open","ping_status":"open","sticky":false,"template":"","format":"standard","meta":{"_acf_changed":false,"footnotes":"","jetpack_publicize_message":"","jetpack_publicize_feature_enabled":true,"jetpack_social_post_already_shared":false,"jetpack_social_options":{"image_generator_settings":{"template":"highway","default_image_id":0,"font":"","enabled":false},"version":2}},"categories":[7],"tags":[868,20079,5616],"naslovna":[],"class_list":["post-911352","post","type-post","status-publish","format-standard","has-post-thumbnail","hentry","category-politika","tag-demokrate","tag-dusko-stijepovic","tag-prva-banka"],"acf":[],"jetpack_publicize_connections":[],"_links":{"self":[{"href":"https:\/\/gradski.me\/en\/wp-json\/wp\/v2\/posts\/911352","targetHints":{"allow":["GET"]}}],"collection":[{"href":"https:\/\/gradski.me\/en\/wp-json\/wp\/v2\/posts"}],"about":[{"href":"https:\/\/gradski.me\/en\/wp-json\/wp\/v2\/types\/post"}],"author":[{"embeddable":true,"href":"https:\/\/gradski.me\/en\/wp-json\/wp\/v2\/users\/16"}],"replies":[{"embeddable":true,"href":"https:\/\/gradski.me\/en\/wp-json\/wp\/v2\/comments?post=911352"}],"version-history":[{"count":1,"href":"https:\/\/gradski.me\/en\/wp-json\/wp\/v2\/posts\/911352\/revisions"}],"predecessor-version":[{"id":921806,"href":"https:\/\/gradski.me\/en\/wp-json\/wp\/v2\/posts\/911352\/revisions\/921806"}],"wp:featuredmedia":[{"embeddable":true,"href":"https:\/\/gradski.me\/en\/wp-json\/wp\/v2\/media\/911038"}],"wp:attachment":[{"href":"https:\/\/gradski.me\/en\/wp-json\/wp\/v2\/media?parent=911352"}],"wp:term":[{"taxonomy":"category","embeddable":true,"href":"https:\/\/gradski.me\/en\/wp-json\/wp\/v2\/categories?post=911352"},{"taxonomy":"post_tag","embeddable":true,"href":"https:\/\/gradski.me\/en\/wp-json\/wp\/v2\/tags?post=911352"},{"taxonomy":"naslovna","embeddable":true,"href":"https:\/\/gradski.me\/en\/wp-json\/wp\/v2\/naslovna?post=911352"}],"curies":[{"name":"wp","href":"https:\/\/api.w.org\/{rel}","templated":true}]}}