{"id":911293,"date":"2026-02-28T18:00:00","date_gmt":"2026-02-28T17:00:00","guid":{"rendered":"https:\/\/rtvpg.me\/uncategorized\/video-humanost-na-djelu-modna-komora-pomogla-samohranoj-majci-aneli-stanimirovic\/"},"modified":"2026-03-06T17:07:08","modified_gmt":"2026-03-06T16:07:08","slug":"video-humanost-na-djelu-modna-komora-pomogla-samohranoj-majci-aneli-stanimirovic","status":"publish","type":"post","link":"https:\/\/gradski.me\/en\/drustvo\/video-humanost-na-djelu-modna-komora-pomogla-samohranoj-majci-aneli-stanimirovic\/","title":{"rendered":"(VIDEO) Humanost na djelu: Modna komora pomogla samohranoj majci Aneli Stanimirovi\u0107"},"content":{"rendered":"<p><\/p>\n\n\n\n<p><\/p>\n\n\n\n<p>Nakon emitovanja priloga na na\u0161oj televiziji o borbi samohrane majke Anele Stanimirovi\u0107 da svojoj djeci obezbijedi dostojanstven \u017eivot, na broj na\u0161e redakcije stigao je poziv solidarnosti. Direktor Modne komore Crne Gore, Sr\u0111a Lubarda, odlu\u010dio je da reaguje.<\/p>\n\n\n\n<p>&#8222;Kada sam \u010duo da se radi o osamnaestogodi\u0161njaku, da nema da ga proslavu, te, to je i vrijeme kad djeca idu na maturu i potrebno je imati lijepu odjevnu kombinaciju, odlu\u010dio sam da pozovem televiziju i ponudim se da Modna komora obezbijedi lijepo odijelo za toga dje\u010daka da ima da lijepo proslavi taj ro\u0111endan&#8220;, kazao je Lubarda.<\/p>\n\n\n\n<p>Podsjetimo, Modna komora djelovala je u brojnim humanitarnim akcijama, posebno kada je rije\u010d o onkolo\u0161kim pacijentima. I ovaj gest za jednu porodicu zna\u010di mnogo, &nbsp;ruka pomo\u0107i i dostojanstvo u va\u017enom \u017eivotnom trenutku.<\/p>\n\n\n\n<p>&#8222;Svima je nama negdje dobro, svi imamo \u0161ta da pojedemo, obu\u010demo, otputujemo, obu\u010demo novu garderobu, me\u0111utim veliki je broj ljudi koji ne mogu to sebi da priu\u0161te. Moramo biti osvije\u0161\u0107eni i humani i empat\u010dni i osvijestiti se kao dru\u0161tvo. Na\u0161 skroman doprinos, na\u0161e ne\u0161to sitno, malo je njima mnogo. Va\u017eno je da se kao dru\u0161tvo uklju\u010dimo i prepoznamo izolovane slu\u010dajeve koji nemaju prilike da do\u0111u, a mediji su ti koji su klju\u010dni, istra\u017eiva\u010dko novinarstvo. Evo i vi ste&nbsp;uspjeli da prona\u0111ete oviu gospo\u0111u, a ugro\u017eenih ima dosta&#8220;, isti\u010de Lubarda.<\/p>\n\n\n\n<p>U vremenu kada \u010desto govorimo o nedostatku empatije, ovaj primjer podsje\u0107a da je dovoljno malo da bi se nekome promijenio dan &nbsp;ili \u010ditava uspomena na odrastanje.<\/p>\n\n\n\n<p>&#8222;Uvijek nam se desi neki nepredvi\u0111eni tro\u0161ak: nov\u010dana kazna, neka glupost gdje Vam ode novac, a uspijete da to podmirite. A ovako, kad nekom pomognete, uspijete na neki na\u010din da budete zadovoljni i imate tu potvrdu da ste nekad nekome ne\u0161to uradili da ga usre\u0107ite. Da li je to kom\u0161ija, bli\u017enji, neko u prodavnici, neko ko ima potrebu, uvijek trebate bizi dare\u017eljivi, nekoga usre\u0107iti, sa osmjehom, da li da mu ka\u017eete dobar dan, lijepo izgledate, ili mu udijeliti ne\u0161to kad je humanitarna akcija u pitanju&#8220;, zaklju\u010duje Lubarda.<\/p>\n\n\n\n<p>Jedna televizijska pri\u010da pokrenula je talas dobrote. Jedan poziv vratio je vjeru da solidarnost nije zaboravljena rije\u010d. A za jednog mladi\u0107a, osamnaesti ro\u0111endan bi\u0107e do\u010dekan sa osmijehom.<\/p>\n\n\n\n<figure class=\"wp-block-embed is-type-wp-embed is-provider-gradski-portal wp-block-embed-gradski-portal\"><div class=\"wp-block-embed__wrapper\">\nhttps:\/\/gradski.me\/video-dan-socijalne-pravde-samohrana-majka-anela-stanimirovic-vodi-svakodnevnu-borbu-za-hljeb-racune-i-buducnost\n<\/div><\/figure>\n\n\n\n<figure class=\"wp-block-embed is-type-video is-provider-youtube wp-block-embed-youtube wp-embed-aspect-16-9 wp-has-aspect-ratio\"><div class=\"wp-block-embed__wrapper\">\n<iframe title=\"Humanost na djelu: Modna komora pomogla samohranoj majci Aneli Stanimirovi\u0107\" width=\"800\" height=\"450\" src=\"https:\/\/www.youtube.com\/embed\/5kzaZ26hdKs?feature=oembed\" frameborder=\"0\" allow=\"accelerometer; autoplay; clipboard-write; encrypted-media; gyroscope; picture-in-picture; web-share\" referrerpolicy=\"strict-origin-when-cross-origin\" allowfullscreen><\/iframe>\n<\/div><\/figure>","protected":false},"excerpt":{"rendered":"<p>Nakon \u0161to je Televizija Podgorica objavila pri\u010du o te\u0161koj \u017eivotnoj situaciji samohrane majke Anele Stanimirovi\u0107, uslijedila je reakcija Modne komore Crne Gore, \u00a0koja potvr\u0111uje da humanost i solidarnost i dalje \u017eive me\u0111u nama.<\/p>","protected":false},"author":16,"featured_media":911296,"comment_status":"open","ping_status":"open","sticky":false,"template":"","format":"standard","meta":{"_acf_changed":false,"footnotes":"","jetpack_publicize_message":"","jetpack_publicize_feature_enabled":true,"jetpack_social_post_already_shared":false,"jetpack_social_options":{"image_generator_settings":{"template":"highway","default_image_id":0,"font":"","enabled":false},"version":2}},"categories":[9],"tags":[19533,19549],"naslovna":[],"class_list":["post-911293","post","type-post","status-publish","format-standard","has-post-thumbnail","hentry","category-drustvo","tag-anela-stanimirovic","tag-modna-komora"],"acf":[],"jetpack_publicize_connections":[],"_links":{"self":[{"href":"https:\/\/gradski.me\/en\/wp-json\/wp\/v2\/posts\/911293","targetHints":{"allow":["GET"]}}],"collection":[{"href":"https:\/\/gradski.me\/en\/wp-json\/wp\/v2\/posts"}],"about":[{"href":"https:\/\/gradski.me\/en\/wp-json\/wp\/v2\/types\/post"}],"author":[{"embeddable":true,"href":"https:\/\/gradski.me\/en\/wp-json\/wp\/v2\/users\/16"}],"replies":[{"embeddable":true,"href":"https:\/\/gradski.me\/en\/wp-json\/wp\/v2\/comments?post=911293"}],"version-history":[{"count":1,"href":"https:\/\/gradski.me\/en\/wp-json\/wp\/v2\/posts\/911293\/revisions"}],"predecessor-version":[{"id":921803,"href":"https:\/\/gradski.me\/en\/wp-json\/wp\/v2\/posts\/911293\/revisions\/921803"}],"wp:featuredmedia":[{"embeddable":true,"href":"https:\/\/gradski.me\/en\/wp-json\/wp\/v2\/media\/911296"}],"wp:attachment":[{"href":"https:\/\/gradski.me\/en\/wp-json\/wp\/v2\/media?parent=911293"}],"wp:term":[{"taxonomy":"category","embeddable":true,"href":"https:\/\/gradski.me\/en\/wp-json\/wp\/v2\/categories?post=911293"},{"taxonomy":"post_tag","embeddable":true,"href":"https:\/\/gradski.me\/en\/wp-json\/wp\/v2\/tags?post=911293"},{"taxonomy":"naslovna","embeddable":true,"href":"https:\/\/gradski.me\/en\/wp-json\/wp\/v2\/naslovna?post=911293"}],"curies":[{"name":"wp","href":"https:\/\/api.w.org\/{rel}","templated":true}]}}