{"id":911167,"date":"2026-02-28T09:44:00","date_gmt":"2026-02-28T08:44:00","guid":{"rendered":"https:\/\/new.gradski.me\/uncategorized\/torino-domacin-zavrsnice-lige-sampiona-2026\/"},"modified":"2026-02-28T09:44:00","modified_gmt":"2026-02-28T08:44:00","slug":"torino-domacin-zavrsnice-lige-sampiona-2026","status":"publish","type":"post","link":"https:\/\/gradski.me\/en\/sport\/torino-domacin-zavrsnice-lige-sampiona-2026\/","title":{"rendered":"Turin to host 2026 Champions League final"},"content":{"rendered":"<p>Fajnl-for najkvalitetnijeg evropskog klupskog takmi\u010denja u odbojci bi\u0107e odigran u \u201cInalpi areni\u201d, uz organizacionu saradnju Evropske odbojka\u0161ke konfederacije (CEV), Italijanskog odbojka\u0161kog saveza (FIPAV) i lokalnih vlasti.<\/p>\n\n\n\n<p>Odluka o doma\u0107instvu donesena je na osnovu iskustva sa Superfinala Lige \u0161ampiona, koje je ovo impresivno zdanje ugostilo 2023. godine.<\/p>\n\n\n\n<p>Inalpi arena i Torino ve\u0107 godinama su prepoznati kao doma\u0107ini velikih sportskih doga\u0111aja, me\u0111u kojima su Zimske olimpijske igre 2006, tenisko ATP finale, zavr\u0161nica Svjetskog prvenstva za odbojka\u0161e 2018. godine, kao i Superfinala Lige \u0161ampiona 2023, kada su titule osvojili Ked\u017eojer\u017ein Kozle i VakifBank Istanbul.<\/p>\n\n\n\n<p>Na zavr\u0161nom turniru u Torinu nastupi\u0107e \u010detiri najbolje ekipe Evrope, koje \u0107e se boriti za trofej CEV Lige \u0161ampiona. Me\u0111u kandidatima za plasman u F4 je i aktuelni \u0161ampion Peru\u0111a, koji je grupnu fazu takmi\u010denja zavr\u0161io bez poraza.<\/p>\n\n\n\n<p>Predsjednik CEV-a&nbsp;<strong>Roko Sikiric<\/strong>&nbsp;podsjetio je na iskustvo iz prethodnog zavr\u0161nog turnira u Torinu.<\/p>\n\n\n\n<p><strong>&#8222;Vjerujem da svi dijelimo veoma lijepe uspomene sa izuzetno uspje\u0161nih Superfinala odr\u017eanih u Torinu 2023. godine. \u017delimo da se oslonimo na to iskustvo kako bismo organizovali jo\u0161 jedan Fajnl-for i pru\u017eili kvalitetno iskustvo ekipama, navija\u010dima i svim u\u010desnicima. Zahvalan sam italijanskom odbojka\u0161kom savezu i lokalnim vlastima na podr\u0161ci u realizaciji ovog zahtjevnog projekta&#8220;, kazao je Sikiri\u0107.<\/strong><\/p>\n\n\n\n<p>Predsjednik Italijanskog odbojka\u0161kog saveza&nbsp;<strong>\u0110uzepe Manfredi<\/strong>&nbsp;istakao je da je odluka o organizaciji zavr\u0161nog turnira donesena u saradnji sa CEV-om, uz naglasak na dosada\u0161nja iskustva Inalpi arene u organizaciji velikih doma\u0107ih i me\u0111unarodnih takmi\u010denja.<\/p>\n\n\n\n<p>Detalji u vezi sa prodajom ulaznica i dodatnim organizacionim informacijama bi\u0107e objavljeni naknadno.<\/p>","protected":false},"excerpt":{"rendered":"<p>Torino \u0107e 16. i 17. maja 2026. godine biti doma\u0107in zavr\u0161nog turnira CEV Lige \u0161ampiona za odbojka\u0161e.<\/p>","protected":false},"author":7,"featured_media":911168,"comment_status":"open","ping_status":"open","sticky":false,"template":"","format":"standard","meta":{"_acf_changed":false,"footnotes":"","jetpack_publicize_message":"","jetpack_publicize_feature_enabled":true,"jetpack_social_post_already_shared":false,"jetpack_social_options":{"image_generator_settings":{"template":"highway","default_image_id":0,"font":"","enabled":false},"version":2}},"categories":[15],"tags":[20138,776,8261],"naslovna":[],"class_list":["post-911167","post","type-post","status-publish","format-standard","has-post-thumbnail","hentry","category-sport","tag-cev-liga-sampiona-za-odbojkase","tag-odbojka","tag-torino"],"acf":[],"jetpack_publicize_connections":[],"_links":{"self":[{"href":"https:\/\/gradski.me\/en\/wp-json\/wp\/v2\/posts\/911167","targetHints":{"allow":["GET"]}}],"collection":[{"href":"https:\/\/gradski.me\/en\/wp-json\/wp\/v2\/posts"}],"about":[{"href":"https:\/\/gradski.me\/en\/wp-json\/wp\/v2\/types\/post"}],"author":[{"embeddable":true,"href":"https:\/\/gradski.me\/en\/wp-json\/wp\/v2\/users\/7"}],"replies":[{"embeddable":true,"href":"https:\/\/gradski.me\/en\/wp-json\/wp\/v2\/comments?post=911167"}],"version-history":[{"count":0,"href":"https:\/\/gradski.me\/en\/wp-json\/wp\/v2\/posts\/911167\/revisions"}],"wp:featuredmedia":[{"embeddable":true,"href":"https:\/\/gradski.me\/en\/wp-json\/wp\/v2\/media\/911168"}],"wp:attachment":[{"href":"https:\/\/gradski.me\/en\/wp-json\/wp\/v2\/media?parent=911167"}],"wp:term":[{"taxonomy":"category","embeddable":true,"href":"https:\/\/gradski.me\/en\/wp-json\/wp\/v2\/categories?post=911167"},{"taxonomy":"post_tag","embeddable":true,"href":"https:\/\/gradski.me\/en\/wp-json\/wp\/v2\/tags?post=911167"},{"taxonomy":"naslovna","embeddable":true,"href":"https:\/\/gradski.me\/en\/wp-json\/wp\/v2\/naslovna?post=911167"}],"curies":[{"name":"wp","href":"https:\/\/api.w.org\/{rel}","templated":true}]}}