{"id":911016,"date":"2026-02-27T12:37:16","date_gmt":"2026-02-27T11:37:16","guid":{"rendered":"https:\/\/new.gradski.me\/uncategorized\/kreativna-kampanja-pocinje-anketom-tvoja-rijec-za-pg\/"},"modified":"2026-02-27T12:37:16","modified_gmt":"2026-02-27T11:37:16","slug":"kreativna-kampanja-pocinje-anketom-tvoja-rijec-za-pg","status":"publish","type":"post","link":"https:\/\/gradski.me\/en\/podgorica\/kreativna-kampanja-pocinje-anketom-tvoja-rijec-za-pg\/","title":{"rendered":"The creative campaign begins with the survey \"Your Word for PG\""},"content":{"rendered":"<p><strong>Mre\u017ea za evropske politike MASTER<\/strong> sa zadovoljstvom objavljuje po\u010detak realizacije projekta <strong><em>\u201eAktiviraj PG &#8211; Gra\u0111anski MASTERplan za mlade\u201c<\/em><\/strong><em>,<\/em> koji ima za cilj osna\u017eivanje mladih u Glavnom gradu kroz razvoj gra\u0111anske, medijske i digitalne pismenosti, kao i njihovo aktivno uklju\u010divanje u procese dono\u0161enja odluka na lokalnom nivou.<\/p>\n\n\n\n<p>Projekat je podr\u017ean od strane Glavnog grada povodom realizacije aktivnosti iz Lokalnog Akcionog plana za mlade za period 2025 \u2013 2026 i realizova\u0107e se u Podgorici tokom 12 mjeseci i obuhvati\u0107e mlade uzrasta od 15 do 30 godina &#8211; srednjo\u0161kolce, studente, zaposlene i nezaposlene mlade iz svih djelova grada. Kroz sveobuhvatan i inovativan program aktivnosti, projekat ima za cilj da mladima pru\u017ei znanja, vje\u0161tine i prostor da jasno izraze svoje stavove, predlo\u017ee rje\u0161enja i postanu vidljivi akteri pozitivnih promjena u zajednici.<\/p>\n\n\n\n<p>Realizacija projekta zapo\u010dinje kreativnom kampanjom <em>\u201eAktiviraj PG &#8211; MASTERstart\u201c,<\/em> u okviru koje \u0107e biti lansirana <strong><u>anketa \u201eTvoja rije\u010d za PG\u201c.<\/u><\/strong> Putem ove ankete mladi \u0107e imati priliku da identifikuju klju\u010dne probleme u gradu i predlo\u017ee konkretne ideje za njihovo rje\u0161avanje.<\/p>\n\n\n\n<p>Centralni dio projekta predstavlja edukativni ciklus <strong><em>\u201eGra\u0111anski MASTERplan\u201c,<\/em><\/strong> koji obuhvata osam tematskih modula. Tokom \u010detiri mjeseca, u\u010desnici \u0107e kroz interaktivne radionice obra\u0111ivati teme demokratije i institucija, kriti\u010dkog mi\u0161ljenja, simulacije izbornog procesa, participativne demokratije, medijske i digitalne pismenosti, kao i ljudskih prava. Poseban segment bi\u0107e I kreiranje online Pojmovnika politi\u010dke pismenosti, koji \u0107e ostati trajni resurs dostupan svim mladima u Podgorici.<\/p>\n\n\n\n<p>Za najmotivisanije u\u010desnike bi\u0107e organizovana <strong><em>\u0160kola omladinske politike \u201eMASTERplan\u201c,<\/em><\/strong> napredni program kroz koji \u0107e najmanje 30 mladih razvijati prakti\u010dne vje\u0161tine zagovaranja, javnog nastupa i kreiranja mini-akcionih planova za rje\u0161avanje konkretnih problema u zajednici. Program uklju\u010duje i terensku posjetu Skup\u0161tini Glavnog grada, gdje \u0107e mladi imati priliku da se upoznaju sa realnim procedurama dono\u0161enja odluka i simuliraju rad odbora.<\/p>\n\n\n\n<p>Multimedijalna faza projekta podrazumijeva realizaciju <strong><em>digitalne kampanje \u201eMASTERimpact\u201c, <\/em><\/strong>koju \u0107e kreirati i voditi sami mladi. U okviru kampanje bi\u0107e snimljen serijal od pet podkast epizoda pod nazivom <em>\u201e\u0160ta bih promijenio u PG<\/em>\u201c, u kojima \u0107e mladi govoriti o izazovima sa kojima se suo\u010davaju i predlagati konkretna rje\u0161enja.<\/p>\n\n\n\n<p>Projekat \u201eAktiviraj PG &#8211; Gra\u0111anski MASTERplan za mlade\u201c predstavlja va\u017ean korak ka ja\u010danju kulture dijaloga, demokratskog u \u010de\u0161\u0107a i aktivnog gra\u0111anstva u Glavnom gradu. Vjerujemo da promjene po\u010dinju kada mladi dobiju priliku da budu saslu\u0161ani, ohrabreni i osna\u017eeni da djeluju.<\/p>\n\n\n\n<p>Vrijeme je da zajedno aktiviramo Podgoricu &#8211; &nbsp;jer evropski grad po mjeri mladih po\u010dinje njihovim glasom.<\/p>\n\n\n\n<p><em>,,Projekat \u201eAktiviraj PG &#8211; Gra\u0111anski MASTERplan za mlade\u201d realizuje se uz podr\u0161ku Glavnog grada povodom realizacije aktivnosti iz Lokalnog Akcionog plana za mlade za period 2025 \u2013 2026\u201d<\/em><\/p>","protected":false},"excerpt":{"rendered":"<p>Mre\u017ea za evropske politike MASTER sa zadovoljstvom objavljuje po\u010detak realizacije projekta \u201eAktiviraj PG &#8211; Gra\u0111anski MASTERplan za mlade\u201c, koji ima za cilj osna\u017eivanje mladih u Glavnom gradu kroz razvoj gra\u0111anske, medijske i digitalne pismenosti, kao i njihovo aktivno uklju\u010divanje u procese dono\u0161enja odluka na lokalnom nivou. Projekat je podr\u017ean od strane Glavnog grada povodom realizacije [&hellip;]<\/p>\n","protected":false},"author":5,"featured_media":911017,"comment_status":"open","ping_status":"open","sticky":false,"template":"","format":"standard","meta":{"_acf_changed":false,"footnotes":"","jetpack_publicize_message":"","jetpack_publicize_feature_enabled":true,"jetpack_social_post_already_shared":false,"jetpack_social_options":{"image_generator_settings":{"template":"highway","default_image_id":0,"font":"","enabled":false},"version":2}},"categories":[6],"tags":[20070,1118],"naslovna":[],"class_list":["post-911016","post","type-post","status-publish","format-standard","has-post-thumbnail","hentry","category-podgorica","tag-tvoja-rijec-za-pg","tag-kampanja"],"acf":[],"jetpack_publicize_connections":[],"_links":{"self":[{"href":"https:\/\/gradski.me\/en\/wp-json\/wp\/v2\/posts\/911016","targetHints":{"allow":["GET"]}}],"collection":[{"href":"https:\/\/gradski.me\/en\/wp-json\/wp\/v2\/posts"}],"about":[{"href":"https:\/\/gradski.me\/en\/wp-json\/wp\/v2\/types\/post"}],"author":[{"embeddable":true,"href":"https:\/\/gradski.me\/en\/wp-json\/wp\/v2\/users\/5"}],"replies":[{"embeddable":true,"href":"https:\/\/gradski.me\/en\/wp-json\/wp\/v2\/comments?post=911016"}],"version-history":[{"count":0,"href":"https:\/\/gradski.me\/en\/wp-json\/wp\/v2\/posts\/911016\/revisions"}],"wp:featuredmedia":[{"embeddable":true,"href":"https:\/\/gradski.me\/en\/wp-json\/wp\/v2\/media\/911017"}],"wp:attachment":[{"href":"https:\/\/gradski.me\/en\/wp-json\/wp\/v2\/media?parent=911016"}],"wp:term":[{"taxonomy":"category","embeddable":true,"href":"https:\/\/gradski.me\/en\/wp-json\/wp\/v2\/categories?post=911016"},{"taxonomy":"post_tag","embeddable":true,"href":"https:\/\/gradski.me\/en\/wp-json\/wp\/v2\/tags?post=911016"},{"taxonomy":"naslovna","embeddable":true,"href":"https:\/\/gradski.me\/en\/wp-json\/wp\/v2\/naslovna?post=911016"}],"curies":[{"name":"wp","href":"https:\/\/api.w.org\/{rel}","templated":true}]}}