{"id":910974,"date":"2026-02-27T08:11:00","date_gmt":"2026-02-27T07:11:00","guid":{"rendered":"https:\/\/new.gradski.me\/uncategorized\/uhapseni-podgoricani-zaplijenjeno-vise-od-800-komada-tableta-i-preko-1-000-eura\/"},"modified":"2026-02-27T08:11:00","modified_gmt":"2026-02-27T07:11:00","slug":"uhapseni-podgoricani-zaplijenjeno-vise-od-800-komada-tableta-i-preko-1-000-eura","status":"publish","type":"post","link":"https:\/\/gradski.me\/en\/hronika\/uhapseni-podgoricani-zaplijenjeno-vise-od-800-komada-tableta-i-preko-1-000-eura\/","title":{"rendered":"Podgorica residents arrested: More than 800 pills and over 1,000 euros seized"},"content":{"rendered":"<p><\/p>\n\n\n\n<p><\/p>\n\n\n\n<p><\/p>\n\n\n\n<p>\u201cSlu\u017ebenici Odjeljenja bezbjednosti Podgorica realizovali su aktivnosti na podru\u010dju Glavnog grada u cilju spre\u010davanja zloupotrebe droga, kao i otkrivanja i razbijanja mre\u017ea uli\u010dne distribucije narkotika, i uhapsili dvije osobe i zaplijenili ukupno 872 komada tableta i oduzeli 1.025 eura\u201d, naveli su u saop\u0161tenju.<\/p>\n\n\n\n<p>Kako su kazali, policijski slu\u017ebenici su izvr\u0161ili kontrolu S.K, kod kojeg je prona\u0111eno devet komada tableta buprenorfina.<\/p>\n\n\n\n<p>\u201cU neposrednoj blizini kontrolisan je i M.B, kod kojeg su prona\u0111ene tablete koje se nalaze na listi opijata i to: 30 tableta \u201eSanval\u201c, 30 tableta \u201eKsalol\u201c i sedam tableta buprenorfina.&nbsp;Daljim aktivnostima, u koordinaciji sa Vi\u0161im dr\u017eavnim tu\u017eila\u0161tvom u Podgorici, izvr\u0161en je pretres stana koji koriste M.B. i S.K, gdje je prona\u0111eno i oduzeto ukupno 435 tableta \u201eKsalol\u201c, 190 tableta \u201eSanval\u201c, 15 tableta buprenorfina, 139 tableta \u201eMendilex\u201c i 17 tableta \u201eDiazepam\u201c\u201d, naglasili su iz policije.<\/p>\n\n\n\n<p>Tako\u0111e, kako su dodali, od M.B. oduzeto je 1.025 eura za koje se sumnja da poti\u010du od prodaje droga.<\/p>\n\n\n\n<p>\u201cPo nalogu dr\u017eavnog tu\u017eioca u Vi\u0161em dr\u017eavnom tu\u017eila\u0161tvu u Podgorici, M.B. i S.K. su uhap\u0161eni zbog sumnje da su po\u010dinili krivi\u010dno djelo neovla\u0161\u0107ena proizvodnja, dr\u017eanje i stavljanje u promet opojnih droga\u201d, zaklju\u010dili su.<\/p>","protected":false},"excerpt":{"rendered":"<p>Podgori\u010dka policija uhapsila je S.K. i M.B. kod kojih je pretresom prona\u0111eno vi\u0161e od 800 komada tableta i preko 1.000 eura, saop\u0161teno je iz Uprave policije.<\/p>","protected":false},"author":5,"featured_media":901918,"comment_status":"open","ping_status":"open","sticky":false,"template":"","format":"standard","meta":{"_acf_changed":false,"footnotes":"","jetpack_publicize_message":"","jetpack_publicize_feature_enabled":true,"jetpack_social_post_already_shared":false,"jetpack_social_options":{"image_generator_settings":{"template":"highway","default_image_id":0,"font":"","enabled":false},"version":2}},"categories":[10],"tags":[20056,693,20057],"naslovna":[],"class_list":["post-910974","post","type-post","status-publish","format-standard","has-post-thumbnail","hentry","category-hronika","tag-800-tableta","tag-hapsenje","tag-podgoricani"],"acf":[],"jetpack_publicize_connections":[],"_links":{"self":[{"href":"https:\/\/gradski.me\/en\/wp-json\/wp\/v2\/posts\/910974","targetHints":{"allow":["GET"]}}],"collection":[{"href":"https:\/\/gradski.me\/en\/wp-json\/wp\/v2\/posts"}],"about":[{"href":"https:\/\/gradski.me\/en\/wp-json\/wp\/v2\/types\/post"}],"author":[{"embeddable":true,"href":"https:\/\/gradski.me\/en\/wp-json\/wp\/v2\/users\/5"}],"replies":[{"embeddable":true,"href":"https:\/\/gradski.me\/en\/wp-json\/wp\/v2\/comments?post=910974"}],"version-history":[{"count":0,"href":"https:\/\/gradski.me\/en\/wp-json\/wp\/v2\/posts\/910974\/revisions"}],"wp:featuredmedia":[{"embeddable":true,"href":"https:\/\/gradski.me\/en\/wp-json\/wp\/v2\/media\/901918"}],"wp:attachment":[{"href":"https:\/\/gradski.me\/en\/wp-json\/wp\/v2\/media?parent=910974"}],"wp:term":[{"taxonomy":"category","embeddable":true,"href":"https:\/\/gradski.me\/en\/wp-json\/wp\/v2\/categories?post=910974"},{"taxonomy":"post_tag","embeddable":true,"href":"https:\/\/gradski.me\/en\/wp-json\/wp\/v2\/tags?post=910974"},{"taxonomy":"naslovna","embeddable":true,"href":"https:\/\/gradski.me\/en\/wp-json\/wp\/v2\/naslovna?post=910974"}],"curies":[{"name":"wp","href":"https:\/\/api.w.org\/{rel}","templated":true}]}}