{"id":910222,"date":"2026-02-26T17:18:00","date_gmt":"2026-02-26T16:18:00","guid":{"rendered":"https:\/\/new.gradski.me\/uncategorized\/specijalni-u-crnoj-seriji-vise-od-decenije-bez-uspjeha-u-ls\/"},"modified":"2026-02-28T10:50:10","modified_gmt":"2026-02-28T09:50:10","slug":"specijalni-u-crnoj-seriji-vise-od-decenije-bez-uspjeha-u-ls","status":"publish","type":"post","link":"https:\/\/gradski.me\/en\/sport\/specijalni-u-crnoj-seriji-vise-od-decenije-bez-uspjeha-u-ls\/","title":{"rendered":"\"Special\" in the black series: More than a decade without success in the Champions League"},"content":{"rendered":"<p>Portugalskom stru\u010dnjaku nije bilo dozvoljeno da prisustvuje revan\u0161u, po\u0161to je u prvom susretu dobio crveni karton zbog \u017eestokih protesta.<\/p>\n\n\n\n<p>I bez njega kraj terena, Benfika nije uspjela da napravi podvig protiv evropskog giganta.<\/p>\n\n\n\n<p>Vjerovali ili ne, pro\u0161lo je ve\u0107 12 godina otkako je Murinjo sa nekim klubom uspio da pro\u0111e dalje u nokaut fazi Lige \u0161ampiona.<\/p>\n\n\n\n<p>Posljednji put to se dogodilo u sezoni 2013\/14. godine,&nbsp;kada je sa&nbsp;<strong>Chelsea<\/strong>&nbsp;stigao do polufinala.<\/p>\n\n\n\n<p>U \u010detvrtfinalu je eliminisan&nbsp;<strong>Pari Sen \u017dermen<\/strong>, iako su \u201eplavci&#8220; u prvom me\u010du u Parizu pora\u017eeni sa 3:1.<\/p>\n\n\n\n<p>Jedini gol za \u010celsi postigao je&nbsp;<strong>Eden Azar<\/strong>&nbsp;sa bijele ta\u010dke.<\/p>\n\n\n\n<p>Uslijedio je veliki preokret u revan\u0161u na \u201eStemford Brid\u017eu&#8220; \u2013 pobjeda od 2:0.<\/p>\n\n\n\n<p><strong>Andre \u0160irle<\/strong>&nbsp;je u 32. minutu donio nadu, a u 87. minutu&nbsp;<strong>Demba Ba&nbsp;<\/strong>posti\u017ee gol koji je odveo \u010celsi u polufinale, zahvaljuju\u0107i tada\u0161njem pravilu gola u gostima.<\/p>\n\n\n\n<p>Ipak, u borbi za finale bolji je bio&nbsp;<strong>Atletiko Madrid<\/strong>. Poslije 0:0 u Madridu, \u010celsi je u Londonu pora\u017een sa 3:1 i ostao bez finala.<\/p>\n\n\n\n<p>Tada je po\u010dela negativna tradicija koja traje do danas.<\/p>\n\n\n\n<p>Ve\u0107 naredne sezone 2014\/15. godine, PS\u017d se revan\u0161irao Murinju eliminisav\u0161i \u010celsi u osmini finala.<\/p>\n\n\n\n<p>Ista sudbina zadesila ga je i 2018. godine sa&nbsp;<strong>Man\u010dester junajtedom<\/strong>, koji je eliminisan od&nbsp;<strong>Sevilje<\/strong>.<\/p>\n\n\n\n<p>Ni 2020. godine nije bilo bolje, sa&nbsp;<strong>Totenhem&nbsp;<\/strong>je zaustavljen od&nbsp;<strong>Leipzig&nbsp;<\/strong>ve\u0107 u osmini finala.<\/p>\n\n\n\n<p>Vrijedi napomenuti da Murinjo u tom periodu nije ostao bez trofeja.<\/p>\n\n\n\n<p>Osvojio je Ligu Evrope sa Man\u010dester junajtedom i Ligu konferencija sa&nbsp;<strong>Romom<\/strong>.<\/p>\n\n\n\n<p>Da li \u0107e \u201especijalni&#8220; uskoro prekinuti crnu seriju u elitnom takmi\u010denju, ostaje da se vidi.<\/p>\n\n\n\n<p>Jedno je sigurno, statistika mu ovoga puta ne ide u prilog.<\/p>","protected":false},"excerpt":{"rendered":"<p>\u017doze Murinjo\u00a0ponovo je eliminisan u nokaut fazi Lige \u0161ampiona, a njegova\u00a0Benfika\u00a0zaustavljena je od\u00a0Real Madrida\u00a0poslije burnog dvome\u010da.<\/p>","protected":false},"author":7,"featured_media":905716,"comment_status":"open","ping_status":"open","sticky":false,"template":"","format":"standard","meta":{"_acf_changed":false,"footnotes":"","jetpack_publicize_message":"","jetpack_publicize_feature_enabled":true,"jetpack_social_post_already_shared":false,"jetpack_social_options":{"image_generator_settings":{"template":"highway","default_image_id":0,"font":"","enabled":false},"version":2}},"categories":[15],"tags":[4306,1332],"naslovna":[],"class_list":["post-910222","post","type-post","status-publish","format-standard","has-post-thumbnail","hentry","category-sport","tag-liga-sampiona","tag-zoze-murinjo"],"acf":[],"jetpack_publicize_connections":[],"_links":{"self":[{"href":"https:\/\/gradski.me\/en\/wp-json\/wp\/v2\/posts\/910222","targetHints":{"allow":["GET"]}}],"collection":[{"href":"https:\/\/gradski.me\/en\/wp-json\/wp\/v2\/posts"}],"about":[{"href":"https:\/\/gradski.me\/en\/wp-json\/wp\/v2\/types\/post"}],"author":[{"embeddable":true,"href":"https:\/\/gradski.me\/en\/wp-json\/wp\/v2\/users\/7"}],"replies":[{"embeddable":true,"href":"https:\/\/gradski.me\/en\/wp-json\/wp\/v2\/comments?post=910222"}],"version-history":[{"count":1,"href":"https:\/\/gradski.me\/en\/wp-json\/wp\/v2\/posts\/910222\/revisions"}],"predecessor-version":[{"id":910896,"href":"https:\/\/gradski.me\/en\/wp-json\/wp\/v2\/posts\/910222\/revisions\/910896"}],"wp:featuredmedia":[{"embeddable":true,"href":"https:\/\/gradski.me\/en\/wp-json\/wp\/v2\/media\/905716"}],"wp:attachment":[{"href":"https:\/\/gradski.me\/en\/wp-json\/wp\/v2\/media?parent=910222"}],"wp:term":[{"taxonomy":"category","embeddable":true,"href":"https:\/\/gradski.me\/en\/wp-json\/wp\/v2\/categories?post=910222"},{"taxonomy":"post_tag","embeddable":true,"href":"https:\/\/gradski.me\/en\/wp-json\/wp\/v2\/tags?post=910222"},{"taxonomy":"naslovna","embeddable":true,"href":"https:\/\/gradski.me\/en\/wp-json\/wp\/v2\/naslovna?post=910222"}],"curies":[{"name":"wp","href":"https:\/\/api.w.org\/{rel}","templated":true}]}}