{"id":907504,"date":"2026-02-25T14:48:00","date_gmt":"2026-02-25T13:48:00","guid":{"rendered":"https:\/\/new.gradski.me\/uncategorized\/stadion-crvene-stijene-u-novom-ruhu\/"},"modified":"2026-02-28T10:49:21","modified_gmt":"2026-02-28T09:49:21","slug":"stadion-crvene-stijene-u-novom-ruhu","status":"publish","type":"post","link":"https:\/\/gradski.me\/en\/podgorica\/stadion-crvene-stijene-u-novom-ruhu\/","title":{"rendered":"Crvene stijene Stadium in a new look"},"content":{"rendered":"<p>&#8222;Ure\u0111enje ovog sportskog prostora od izuzetnog je zna\u010daja za lokalnu zajednicu, imaju\u0107i u vidu da veliki broj djece i mladih \u017eivi upravo u ovom dijelu grada. Stadion \u201eCrvene stijene\u201c predstavlja va\u017eno mjesto okupljanja, razvoja sportskog duha i promocije zdravih stilova \u017eivota, te \u0107e njegova modernizacija doprinijeti kvalitetnijem radu sa mla\u0111im kategorijama i sistemskom razvoju fudbala&#8220;, navode iz Glavnog grada.<\/p>\n\n\n\n<p>Projektom je, kako saop\u0161tavaju, predvi\u0111eno da Glavni grad realizuje zemljane radove, unaprijedi prate\u0107u infrastrukturu i izvr\u0161i adaptaciju svla\u010dionica, dok \u0107e Fudbalski savez Crne Gore obezbijediti i postaviti savremenu vje\u0161ta\u010dku podlogu, u skladu sa najvi\u0161im standardima sportske infrastrukture.<\/p>\n\n\n\n<p>&#8222;Savremenija infrastruktura omogu\u0107i\u0107e stru\u010dniji rad sa mladim sportistima, organizaciju sportskih aktivnosti i takmi\u010denja, kao i stvaranje uslova za dugoro\u010dan i odr\u017eiv razvoj fudbala. Istovremeno, Tolo\u0161i \u0107e dodatno dobiti na zna\u010daju kao va\u017eno sportsko sredi\u0161te Podgorice&#8220;, kazali su u saop\u0161tenju.<\/p>\n\n\n\n<p>Iz Glavnog grada poru\u010duju da ovaj projekat predstavlja sna\u017ean primjer institucionalne saradnje usmjerene ka razvoju sportske infrastrukture i unapre\u0111enju uslova za bavljenje sportom na lokalnom nivou, sa jasnim ciljem \u2013 ulaganje u mlade i njihovu budu\u0107nost kroz sport.<\/p>","protected":false},"excerpt":{"rendered":"<p>Sekretarijat za sport Glavnog grada i Fudbalski savez Crne Gore pokrenuli su inicijativu za partnersku saradnju na realizaciji projekta renoviranja stadiona \u201eCrvene stijene\u201c u Tolo\u0161ima, s ciljem unapre\u0111enja sportske infrastrukture i stvaranja kvalitetnijih uslova za razvoj fudbala i sporta na lokalnom nivou, saop\u0161teno je iz Glavnog grada.<\/p>","protected":false},"author":4,"featured_media":907505,"comment_status":"open","ping_status":"open","sticky":false,"template":"","format":"standard","meta":{"_acf_changed":false,"footnotes":"","jetpack_publicize_message":"","jetpack_publicize_feature_enabled":true,"jetpack_social_post_already_shared":false,"jetpack_social_options":{"image_generator_settings":{"template":"highway","default_image_id":0,"font":"","enabled":false},"version":2}},"categories":[6],"tags":[188,19937,28,12814,4603],"naslovna":[],"class_list":["post-907504","post","type-post","status-publish","format-standard","has-post-thumbnail","hentry","category-podgorica","tag-crna-gora","tag-crvena-stijena","tag-podgorica","tag-stadion","tag-tolosi"],"acf":[],"jetpack_publicize_connections":[],"_links":{"self":[{"href":"https:\/\/gradski.me\/en\/wp-json\/wp\/v2\/posts\/907504","targetHints":{"allow":["GET"]}}],"collection":[{"href":"https:\/\/gradski.me\/en\/wp-json\/wp\/v2\/posts"}],"about":[{"href":"https:\/\/gradski.me\/en\/wp-json\/wp\/v2\/types\/post"}],"author":[{"embeddable":true,"href":"https:\/\/gradski.me\/en\/wp-json\/wp\/v2\/users\/4"}],"replies":[{"embeddable":true,"href":"https:\/\/gradski.me\/en\/wp-json\/wp\/v2\/comments?post=907504"}],"version-history":[{"count":1,"href":"https:\/\/gradski.me\/en\/wp-json\/wp\/v2\/posts\/907504\/revisions"}],"predecessor-version":[{"id":910029,"href":"https:\/\/gradski.me\/en\/wp-json\/wp\/v2\/posts\/907504\/revisions\/910029"}],"wp:featuredmedia":[{"embeddable":true,"href":"https:\/\/gradski.me\/en\/wp-json\/wp\/v2\/media\/907505"}],"wp:attachment":[{"href":"https:\/\/gradski.me\/en\/wp-json\/wp\/v2\/media?parent=907504"}],"wp:term":[{"taxonomy":"category","embeddable":true,"href":"https:\/\/gradski.me\/en\/wp-json\/wp\/v2\/categories?post=907504"},{"taxonomy":"post_tag","embeddable":true,"href":"https:\/\/gradski.me\/en\/wp-json\/wp\/v2\/tags?post=907504"},{"taxonomy":"naslovna","embeddable":true,"href":"https:\/\/gradski.me\/en\/wp-json\/wp\/v2\/naslovna?post=907504"}],"curies":[{"name":"wp","href":"https:\/\/api.w.org\/{rel}","templated":true}]}}