{"id":907349,"date":"2026-02-24T21:05:00","date_gmt":"2026-02-24T20:05:00","guid":{"rendered":"https:\/\/new.gradski.me\/uncategorized\/sjutra-promjenljivo-oblacno-moguce-slabe-padavine\/"},"modified":"2026-02-28T10:48:51","modified_gmt":"2026-02-28T09:48:51","slug":"sjutra-promjenljivo-oblacno-moguce-slabe-padavine","status":"publish","type":"post","link":"https:\/\/gradski.me\/en\/drustvo\/sjutra-promjenljivo-oblacno-moguce-slabe-padavine\/","title":{"rendered":"Partly cloudy tomorrow, possible light precipitation"},"content":{"rendered":"<p>Na sjeveru promjenljivo obla\u010dno, tokom jutra ponegdje su mogu\u0107e slabe padavine, prvenstveno na sjeveroistoku, a u popodnevnim satima razvedravanje. <\/p>\n\n\n\n<p>&#8222;Vjetar, u jutarnjim satima, mjestimi\u010dno umjeren do poja\u010dan, sjeverni i sjeveroisto\u010dni. Jutarnja temperatura vazduha od -2 do 9, najvi\u0161a dnevna od 5 do 18 stepeni&#8220;, navode u saop\u0161tenju.<\/p>\n\n\n\n<p><br>U Podgorici sjutra prete\u017eno sun\u010dano. Vjetar umjeren, na udare poja\u010dan, sjeveroisto\u010dni, tokom jutra \u0107e oslabiti. Jutarnja temperatura vazduha oko 7, najvi\u0161a dnevna do 17 stepeni.<\/p>\n\n\n\n<p><\/p>","protected":false},"excerpt":{"rendered":"<p>U Crnoj Gori sjutra u ju\u017enim i centralnim predjelima prete\u017eno sun\u010dano, navode iz Zavoda za hidrometeorologiju i seizmologiju.<\/p>","protected":false},"author":4,"featured_media":898709,"comment_status":"open","ping_status":"open","sticky":false,"template":"","format":"standard","meta":{"_acf_changed":false,"footnotes":"","jetpack_publicize_message":"","jetpack_publicize_feature_enabled":true,"jetpack_social_post_already_shared":false,"jetpack_social_options":{"image_generator_settings":{"template":"highway","default_image_id":0,"font":"","enabled":false},"version":2}},"categories":[9],"tags":[188,12761,28,16],"naslovna":[],"class_list":["post-907349","post","type-post","status-publish","format-standard","has-post-thumbnail","hentry","category-drustvo","tag-crna-gora","tag-padavine","tag-podgorica","tag-vremenska-prognoza"],"acf":[],"jetpack_publicize_connections":[],"_links":{"self":[{"href":"https:\/\/gradski.me\/en\/wp-json\/wp\/v2\/posts\/907349","targetHints":{"allow":["GET"]}}],"collection":[{"href":"https:\/\/gradski.me\/en\/wp-json\/wp\/v2\/posts"}],"about":[{"href":"https:\/\/gradski.me\/en\/wp-json\/wp\/v2\/types\/post"}],"author":[{"embeddable":true,"href":"https:\/\/gradski.me\/en\/wp-json\/wp\/v2\/users\/4"}],"replies":[{"embeddable":true,"href":"https:\/\/gradski.me\/en\/wp-json\/wp\/v2\/comments?post=907349"}],"version-history":[{"count":1,"href":"https:\/\/gradski.me\/en\/wp-json\/wp\/v2\/posts\/907349\/revisions"}],"predecessor-version":[{"id":910803,"href":"https:\/\/gradski.me\/en\/wp-json\/wp\/v2\/posts\/907349\/revisions\/910803"}],"wp:featuredmedia":[{"embeddable":true,"href":"https:\/\/gradski.me\/en\/wp-json\/wp\/v2\/media\/898709"}],"wp:attachment":[{"href":"https:\/\/gradski.me\/en\/wp-json\/wp\/v2\/media?parent=907349"}],"wp:term":[{"taxonomy":"category","embeddable":true,"href":"https:\/\/gradski.me\/en\/wp-json\/wp\/v2\/categories?post=907349"},{"taxonomy":"post_tag","embeddable":true,"href":"https:\/\/gradski.me\/en\/wp-json\/wp\/v2\/tags?post=907349"},{"taxonomy":"naslovna","embeddable":true,"href":"https:\/\/gradski.me\/en\/wp-json\/wp\/v2\/naslovna?post=907349"}],"curies":[{"name":"wp","href":"https:\/\/api.w.org\/{rel}","templated":true}]}}