{"id":907305,"date":"2026-02-24T15:11:00","date_gmt":"2026-02-24T14:11:00","guid":{"rendered":"https:\/\/new.gradski.me\/uncategorized\/bozovic-bolji-uslovi-za-rad-pravosudja-uslov-za-zatvaranje-poglavlja-23\/"},"modified":"2026-02-28T10:48:42","modified_gmt":"2026-02-28T09:48:42","slug":"bozovic-bolji-uslovi-za-rad-pravosudja-uslov-za-zatvaranje-poglavlja-23","status":"publish","type":"post","link":"https:\/\/gradski.me\/en\/drustvo\/bozovic-bolji-uslovi-za-rad-pravosudja-uslov-za-zatvaranje-poglavlja-23\/","title":{"rendered":"Bo\u017eovi\u0107: Bolji uslovi za rad pravosu\u0111a uslov za zatvaranje poglavlja 23"},"content":{"rendered":"<p><\/p>\n\n\n\n<p>On je danas, na vanrednoj sjednici Skup\u0161tine, obrazlagao izmjene zakona o Ustavnom sudu, Sudskom savjetu i o Dr\u017eavnom tu\u017eila\u0161tvu, kojima je predvi\u0111eno da se sudijama i tu\u017eiocima do kraja godine produ\u017ei pravo na dodatak na funkciju, u iznosu od 30 odsto osnovne zarade.<\/p>\n\n\n\n<p>Bo\u017eovi\u0107 je pred poslanicima naglasio da je ovo najva\u017enija godina za evropski proces i da je nemogu\u0107e o\u010dekivati da \u0107e Crna Gora zatvoriti pregovara\u010dko poglavlje 23 ukoliko ne budu obezbije\u0111eni bolji uslovi za rad pravosu\u0111a.<\/p>\n\n\n\n<p>Govore\u0107i o predlo\u017eenom rje\u0161enju koje predvi\u0111a uve\u0107anje 30 odsto zarade, Bo\u017eovi\u0107 je kazao da je svjestan da ono nije idealno.<\/p>\n\n\n\n<p>\u201eSvjestan sam da 30 odsto naknade, po brojnim razmi\u0161ljanjima, tako\u0111e predstavlja nepravi\u010dno rje\u0161enje, ali je te\u0161ko jednom normom napraviti jasnu distinciju\u201c, kazao je Bo\u017eovi\u0107.<\/p>\n\n\n\n<p>On je rekao da su najugro\u017eenije sudije osnovnih sudova, posebno one koje nemaju de\u017eurstva, specijalne dodatke i pripravnost, i da su zbog njih predlo\u017eili rje\u0161enje o kojem se danas raspravlja u parlamentu.<\/p>\n\n\n\n<p>Bo\u017eovi\u0107 je istakao da je svjestan i toga da \u0107e predlo\u017eena rje\u0161enja izazvati kritike, ali da je ja\u010danje pravosu\u0111a preduslov za napredak u evropskim integracijama.<\/p>\n\n\n\n<p>\u201eNe mo\u017eemo zatvoriti pregovara\u010dka poglavlja 23 i 24 bez jakog pravosu\u0111a, a na kraju krajeva i podr\u0161ke onima koji su najbolji unutar pravosu\u0111a, koji se na dnevnom nivou bore sa brojnim izazovima\u201c, poru\u010dio je Bo\u017eovi\u0107.<\/p>\n\n\n\n<p>On je kazao da je klju\u010dna obaveza Ministarstva pravde izrada posebnog zakona o zaradama za nosioce pravosudnih funkcija i za sudije Ustavnog suda.<\/p>\n\n\n\n<p>\u201cNacrt zakona bi po\u010detkom marta trebalo da bude upu\u0107en Evropskoj komisiji na mi\u0161ljenje, a po dobijanju pozitivnog mi\u0161ljenja, nadam se da \u0107emo ga imati u parlamentu\u201c, rekao je Bo\u017eovi\u0107.<\/p>\n\n\n\n<p>On je najavio i izmjene drugih zakona, uklju\u010duju\u0107i zakone o Sudskom savjetu i sudijama, &nbsp;o dr\u017eavnom tu\u017eila\u0161tvu, Zakon o specijalnom dr\u017eavnom tu\u017eila\u0161tvu, kao i izradu nacrta zakona o specijalnom sudu do kraja godine.<\/p>\n\n\n\n<p>\u201eUnutar tih zakona postoja\u0107e mehanizmi za ispitivanje odgovornosti \u2013 eti\u010dke, disciplinske, ali i mjerljivosti rada svakog pojedinca unutar pravosu\u0111a\u201c, poru\u010dio je Bo\u017eovi\u0107.<\/p>","protected":false},"excerpt":{"rendered":"<p>Crna Gora ne mo\u017ee zatvoriti poglavlje 23 u pregovorima sa Evropskom unijom (EU) ukoliko ne obezbijedi bolje uslove za rad pravosu\u0111a, kazao je ministar pravde Bojan Bo\u017eovi\u0107.<\/p>","protected":false},"author":4,"featured_media":907306,"comment_status":"open","ping_status":"open","sticky":false,"template":"","format":"standard","meta":{"_acf_changed":false,"footnotes":"","jetpack_publicize_message":"","jetpack_publicize_feature_enabled":true,"jetpack_social_post_already_shared":false,"jetpack_social_options":{"image_generator_settings":{"template":"highway","default_image_id":0,"font":"","enabled":false},"version":2}},"categories":[9],"tags":[10640,100],"naslovna":[],"class_list":["post-907305","post","type-post","status-publish","format-standard","has-post-thumbnail","hentry","category-drustvo","tag-bojan-bozovic","tag-skupstina-crne-gore"],"acf":[],"jetpack_publicize_connections":[],"_links":{"self":[{"href":"https:\/\/gradski.me\/en\/wp-json\/wp\/v2\/posts\/907305","targetHints":{"allow":["GET"]}}],"collection":[{"href":"https:\/\/gradski.me\/en\/wp-json\/wp\/v2\/posts"}],"about":[{"href":"https:\/\/gradski.me\/en\/wp-json\/wp\/v2\/types\/post"}],"author":[{"embeddable":true,"href":"https:\/\/gradski.me\/en\/wp-json\/wp\/v2\/users\/4"}],"replies":[{"embeddable":true,"href":"https:\/\/gradski.me\/en\/wp-json\/wp\/v2\/comments?post=907305"}],"version-history":[{"count":1,"href":"https:\/\/gradski.me\/en\/wp-json\/wp\/v2\/posts\/907305\/revisions"}],"predecessor-version":[{"id":910777,"href":"https:\/\/gradski.me\/en\/wp-json\/wp\/v2\/posts\/907305\/revisions\/910777"}],"wp:featuredmedia":[{"embeddable":true,"href":"https:\/\/gradski.me\/en\/wp-json\/wp\/v2\/media\/907306"}],"wp:attachment":[{"href":"https:\/\/gradski.me\/en\/wp-json\/wp\/v2\/media?parent=907305"}],"wp:term":[{"taxonomy":"category","embeddable":true,"href":"https:\/\/gradski.me\/en\/wp-json\/wp\/v2\/categories?post=907305"},{"taxonomy":"post_tag","embeddable":true,"href":"https:\/\/gradski.me\/en\/wp-json\/wp\/v2\/tags?post=907305"},{"taxonomy":"naslovna","embeddable":true,"href":"https:\/\/gradski.me\/en\/wp-json\/wp\/v2\/naslovna?post=907305"}],"curies":[{"name":"wp","href":"https:\/\/api.w.org\/{rel}","templated":true}]}}