{"id":907253,"date":"2026-02-24T12:30:00","date_gmt":"2026-02-24T11:30:00","guid":{"rendered":"https:\/\/new.gradski.me\/uncategorized\/mandic-sa-joldasisom-tradicionalno-snazne-istorijske-i-duhovne-veze-izmedju-crne-gore-i-grcke\/"},"modified":"2026-02-28T10:48:31","modified_gmt":"2026-02-28T09:48:31","slug":"mandic-sa-joldasisom-tradicionalno-snazne-istorijske-i-duhovne-veze-izmedju-crne-gore-i-grcke","status":"publish","type":"post","link":"https:\/\/gradski.me\/en\/politika\/mandic-sa-joldasisom-tradicionalno-snazne-istorijske-i-duhovne-veze-izmedju-crne-gore-i-grcke\/","title":{"rendered":"Mandi\u0107 with Yoldasis: Traditionally strong historical and spiritual ties between Montenegro and Greece"},"content":{"rendered":"<p><\/p>\n\n\n\n<p>Sagovornici su tom prilikom naglasili tradicionalno sna\u017ene istorijske, kulturne i duhovne veze izme\u0111u Crne Gore i Gr\u010dke, koje se danas ogledaju i u izuzetno razvijenoj saradnji dva parlamenta, kao i u me\u0111usobnom razumijevanju u brojnim me\u0111unarodnim organizacijama, me\u0111u kojima je posebno istaknuta Interparlamentarna unija (IPU).<\/p>\n\n\n\n<p>\u0160efica delegacije Skup\u0161tine Crne Gore pri IPU, poslanica Jelena Bo\u017eovi\u0107, istakla je da je delegacija Skup\u0161tine Crne Gore uvijek imala odli\u010dnu saradnju sa kolegama iz Republike Gr\u010dke, te izrazila uvjerenje da \u0107e se ta saradnja nastaviti i u narednom periodu kroz me\u0111usobnu podr\u0161ku, razumijevanje i zajedni\u010dko djelovanje.<\/p>","protected":false},"excerpt":{"rendered":"<p>Predsjednik Skup\u0161tine Crne Gore Andrija Mandi\u0107 sastao se danas, zajedno sa \u0161eficom delegacije Skup\u0161tine Crne Gore pri Interparlamentarnoj uniji (IPU) poslanicom Jelenom Bo\u017eovi\u0107, sa ambasadorom Republike Gr\u010dke u Crnoj Gori, Nj. E. Dimitriosom Joldasisom, saop\u0161teno je iz Skup\u0161tine Crne Gore.<\/p>","protected":false},"author":4,"featured_media":907254,"comment_status":"open","ping_status":"open","sticky":false,"template":"","format":"standard","meta":{"_acf_changed":false,"footnotes":"","jetpack_publicize_message":"","jetpack_publicize_feature_enabled":true,"jetpack_social_post_already_shared":false,"jetpack_social_options":{"image_generator_settings":{"template":"highway","default_image_id":0,"font":"","enabled":false},"version":2}},"categories":[7],"tags":[503,188,19839,19840,3368,15222,727],"naslovna":[],"class_list":["post-907253","post","type-post","status-publish","format-standard","has-post-thumbnail","hentry","category-politika","tag-andrija-mandic","tag-crna-gora","tag-dimitrios-joldasis","tag-dva-parlamenta","tag-grcka","tag-istorijske-veze","tag-saradnja"],"acf":[],"jetpack_publicize_connections":[],"_links":{"self":[{"href":"https:\/\/gradski.me\/en\/wp-json\/wp\/v2\/posts\/907253","targetHints":{"allow":["GET"]}}],"collection":[{"href":"https:\/\/gradski.me\/en\/wp-json\/wp\/v2\/posts"}],"about":[{"href":"https:\/\/gradski.me\/en\/wp-json\/wp\/v2\/types\/post"}],"author":[{"embeddable":true,"href":"https:\/\/gradski.me\/en\/wp-json\/wp\/v2\/users\/4"}],"replies":[{"embeddable":true,"href":"https:\/\/gradski.me\/en\/wp-json\/wp\/v2\/comments?post=907253"}],"version-history":[{"count":1,"href":"https:\/\/gradski.me\/en\/wp-json\/wp\/v2\/posts\/907253\/revisions"}],"predecessor-version":[{"id":910747,"href":"https:\/\/gradski.me\/en\/wp-json\/wp\/v2\/posts\/907253\/revisions\/910747"}],"wp:featuredmedia":[{"embeddable":true,"href":"https:\/\/gradski.me\/en\/wp-json\/wp\/v2\/media\/907254"}],"wp:attachment":[{"href":"https:\/\/gradski.me\/en\/wp-json\/wp\/v2\/media?parent=907253"}],"wp:term":[{"taxonomy":"category","embeddable":true,"href":"https:\/\/gradski.me\/en\/wp-json\/wp\/v2\/categories?post=907253"},{"taxonomy":"post_tag","embeddable":true,"href":"https:\/\/gradski.me\/en\/wp-json\/wp\/v2\/tags?post=907253"},{"taxonomy":"naslovna","embeddable":true,"href":"https:\/\/gradski.me\/en\/wp-json\/wp\/v2\/naslovna?post=907253"}],"curies":[{"name":"wp","href":"https:\/\/api.w.org\/{rel}","templated":true}]}}