{"id":907234,"date":"2026-02-24T11:17:40","date_gmt":"2026-02-24T10:17:40","guid":{"rendered":"https:\/\/new.gradski.me\/uncategorized\/tivat-policija-uhapsila-oil-zbog-teske-kradje\/"},"modified":"2026-02-28T10:48:27","modified_gmt":"2026-02-28T09:48:27","slug":"tivat-policija-uhapsila-oil-zbog-teske-kradje","status":"publish","type":"post","link":"https:\/\/gradski.me\/en\/hronika\/tivat-policija-uhapsila-oil-zbog-teske-kradje\/","title":{"rendered":"Tivat: Police arrest OIL for aggravated theft"},"content":{"rendered":"<p><\/p>\n\n\n\n<p>Naime, sumnja se da je A.D. 23. februara 2026. godine, oko 4 \u010dasa ujutro, u mjestu Gradio\u0161nica, op\u0161tina Tivat, upotrebom fizi\u010dke snage i podesnog sredstva nasilno otvorio prozor objekta, nakon \u010dega je iz unutra\u0161njosti otu\u0111io novac i alkoholna pi\u0107a.<\/p>\n\n\n\n<p>,,Po nalogu postupaju\u0107eg dr\u017eavnog tu\u017eioca u Osnovnom dr\u017eavnom tu\u017eila\u0161tvu u Kotoru, osumnji\u010deni je li\u0161en slobode i uz krivi\u010dnu prijavu priveden nadle\u017enom tu\u017eiocu, zaklju\u010duju iz Uprave policije.<\/p>","protected":false},"excerpt":{"rendered":"<p>Policijski slu\u017ebenici Regionalnog centra bezbjednosti \u201eJug\u201c \u2013 Odjeljenja bezbjednosti Tivat identifikovali su i po nalogu tu\u017eioca ju\u010de li\u0161ili slobode operativno interesantno lice A.D. (36) iz Kotora, zbog sumnje da je izvr\u0161io krivi\u010dno djelo te\u0161ka kra\u0111a na \u0161tetu jednog ugostiteljskog objekta, saop\u0161teno je iz Uprave policije.<\/p>","protected":false},"author":4,"featured_media":907235,"comment_status":"open","ping_status":"open","sticky":false,"template":"","format":"standard","meta":{"_acf_changed":false,"footnotes":"","jetpack_publicize_message":"","jetpack_publicize_feature_enabled":true,"jetpack_social_post_already_shared":false,"jetpack_social_options":{"image_generator_settings":{"template":"highway","default_image_id":0,"font":"","enabled":false},"version":2}},"categories":[10],"tags":[693,4116,174,4203,159],"naslovna":[],"class_list":["post-907234","post","type-post","status-publish","format-standard","has-post-thumbnail","hentry","category-hronika","tag-hapsenje","tag-oil","tag-policija","tag-teska-kradja","tag-tivat"],"acf":[],"jetpack_publicize_connections":[],"_links":{"self":[{"href":"https:\/\/gradski.me\/en\/wp-json\/wp\/v2\/posts\/907234","targetHints":{"allow":["GET"]}}],"collection":[{"href":"https:\/\/gradski.me\/en\/wp-json\/wp\/v2\/posts"}],"about":[{"href":"https:\/\/gradski.me\/en\/wp-json\/wp\/v2\/types\/post"}],"author":[{"embeddable":true,"href":"https:\/\/gradski.me\/en\/wp-json\/wp\/v2\/users\/4"}],"replies":[{"embeddable":true,"href":"https:\/\/gradski.me\/en\/wp-json\/wp\/v2\/comments?post=907234"}],"version-history":[{"count":1,"href":"https:\/\/gradski.me\/en\/wp-json\/wp\/v2\/posts\/907234\/revisions"}],"predecessor-version":[{"id":910735,"href":"https:\/\/gradski.me\/en\/wp-json\/wp\/v2\/posts\/907234\/revisions\/910735"}],"wp:featuredmedia":[{"embeddable":true,"href":"https:\/\/gradski.me\/en\/wp-json\/wp\/v2\/media\/907235"}],"wp:attachment":[{"href":"https:\/\/gradski.me\/en\/wp-json\/wp\/v2\/media?parent=907234"}],"wp:term":[{"taxonomy":"category","embeddable":true,"href":"https:\/\/gradski.me\/en\/wp-json\/wp\/v2\/categories?post=907234"},{"taxonomy":"post_tag","embeddable":true,"href":"https:\/\/gradski.me\/en\/wp-json\/wp\/v2\/tags?post=907234"},{"taxonomy":"naslovna","embeddable":true,"href":"https:\/\/gradski.me\/en\/wp-json\/wp\/v2\/naslovna?post=907234"}],"curies":[{"name":"wp","href":"https:\/\/api.w.org\/{rel}","templated":true}]}}