{"id":906947,"date":"2026-02-22T19:06:00","date_gmt":"2026-02-22T18:06:00","guid":{"rendered":"https:\/\/new.gradski.me\/uncategorized\/otkriven-identitet-mladica-ubijenog-kod-trumpovog-imanja-porodica-u-subotu-proglasila-njegov-nestanak\/"},"modified":"2026-02-28T10:47:26","modified_gmt":"2026-02-28T09:47:26","slug":"otkriven-identitet-mladica-ubijenog-kod-trumpovog-imanja-porodica-u-subotu-proglasila-njegov-nestanak","status":"publish","type":"post","link":"https:\/\/gradski.me\/en\/svijet\/otkriven-identitet-mladica-ubijenog-kod-trumpovog-imanja-porodica-u-subotu-proglasila-njegov-nestanak\/","title":{"rendered":"Otkriven identitet mladi\u0107a ubijenog kod Trumpovog imanja: Porodica u subotu proglasila njegov nestanak"},"content":{"rendered":"<p><\/p>\n\n\n\n<p>Vlasti navode da je Martin nosio sa sobom sa\u010dmaricu i kanister sa gorivom kada je u\u0161ao u Mar-a-Lago, ulaze\u0107i u trenutku kada je jedan gost napu\u0161tao objekt.<\/p>\n\n\n\n<p>Prema izvje\u0161taju CBS-a, Martinova porodica ga je prijavila nestalim ju\u010de.<\/p>\n\n\n\n<p>Zvani\u010dnici istra\u017euju je li kupio oru\u017eje tokom puta koji je pre\u0161ao iz Sjeverne Karoline u Floridu. Vlasti su za CBS naveli da je Martin u\u0161ao na imanje u Palm Beachu upravo dok je gost izlazio. Mar-a-Lago je privatni klub, ali i rezidencija predsjednika Donald Trump u Floridi.<\/p>\n\n\n\n<p>Martin je prona\u0111en kod sjevernog ulaza, koji izlazi na javni put uz obalu. Tu su ga susrela dvojica agenata Tajne slu\u017ebe i policijski slu\u017ebenik okruga Palm Beach.<\/p>\n\n\n\n<p>Prema izvje\u0161tajima, dr\u017eao je sa\u010dmaricu i kanister s gorivom. Kada su mu nare\u0111eni da spusti predmete, vlasti tvrde da je podigao oru\u017eje. Agenti su pucali i Martin je poginuo.<\/p>\n\n\n\n<p>Direktor FBI-ja Kash Patel objavio je kratku izjavu na dru\u0161tvenim mre\u017eama, navode\u0107i da FBI &#8222;posve\u0107uje sve potrebne resurse u istrazi dana\u0161njeg incidenta u Mar-a-Lagu predsjednika Trumpa&#8220;.<\/p>\n\n\n\n<p>Patel je dodao da je &#8222;naoru\u017eana osoba pogo\u0111ena i ubijena nakon \u0161to je nezakonito u\u0161la u perimetar&#8220;.<\/p>\n\n\n\n<p>FBI \u0107e sara\u0111ivati s Tajnom slu\u017ebom, kao i s dr\u017eavnim i saveznim partnerima, a dodatna a\u017euriranja bit \u0107e dostupna kad budu mogu\u0107a.<\/p>\n\n\n\n<p>Portparolka Bijele ku\u0107e Karoline Leavitt pohvalila je Tajnu slu\u017ebu za brzo i odlu\u010dno djelovanje u neutralizaciji osumnji\u010denog, kojeg je opisala kao &#8222;ludaka naoru\u017eanog pi\u0161toljem i kanisterom goriva koji je upao u dom predsjednika Trumpa&#8220;.<\/p>\n\n\n\n<p>U izjavi na X-u rekla je da savezni policijski slu\u017ebenici rade 24 sata dnevno kako bi dr\u017eavu i sve Amerikance dr\u017eali sigurnima.<\/p>","protected":false},"excerpt":{"rendered":"<p>Mu\u0161karac koji je smrtno pogo\u0111en hicem u Mar-a-Lagu bio je 21-godi\u0161nji Austin T. Martin iz Camerona, Sjeverna Karolina, objavio je CBS News, pozivaju\u0107i se na vi\u0161e izvora.<\/p>","protected":false},"author":4,"featured_media":906948,"comment_status":"open","ping_status":"open","sticky":false,"template":"","format":"standard","meta":{"_acf_changed":false,"footnotes":"","jetpack_publicize_message":"","jetpack_publicize_feature_enabled":true,"jetpack_social_post_already_shared":false,"jetpack_social_options":{"image_generator_settings":{"template":"highway","default_image_id":0,"font":"","enabled":false},"version":2}},"categories":[14],"tags":[1992,230,70],"naslovna":[],"class_list":["post-906947","post","type-post","status-publish","format-standard","has-post-thumbnail","hentry","category-svijet","tag-bijela-kuca","tag-donald-tramp","tag-sad"],"acf":[],"jetpack_publicize_connections":[],"_links":{"self":[{"href":"https:\/\/gradski.me\/en\/wp-json\/wp\/v2\/posts\/906947","targetHints":{"allow":["GET"]}}],"collection":[{"href":"https:\/\/gradski.me\/en\/wp-json\/wp\/v2\/posts"}],"about":[{"href":"https:\/\/gradski.me\/en\/wp-json\/wp\/v2\/types\/post"}],"author":[{"embeddable":true,"href":"https:\/\/gradski.me\/en\/wp-json\/wp\/v2\/users\/4"}],"replies":[{"embeddable":true,"href":"https:\/\/gradski.me\/en\/wp-json\/wp\/v2\/comments?post=906947"}],"version-history":[{"count":1,"href":"https:\/\/gradski.me\/en\/wp-json\/wp\/v2\/posts\/906947\/revisions"}],"predecessor-version":[{"id":910564,"href":"https:\/\/gradski.me\/en\/wp-json\/wp\/v2\/posts\/906947\/revisions\/910564"}],"wp:featuredmedia":[{"embeddable":true,"href":"https:\/\/gradski.me\/en\/wp-json\/wp\/v2\/media\/906948"}],"wp:attachment":[{"href":"https:\/\/gradski.me\/en\/wp-json\/wp\/v2\/media?parent=906947"}],"wp:term":[{"taxonomy":"category","embeddable":true,"href":"https:\/\/gradski.me\/en\/wp-json\/wp\/v2\/categories?post=906947"},{"taxonomy":"post_tag","embeddable":true,"href":"https:\/\/gradski.me\/en\/wp-json\/wp\/v2\/tags?post=906947"},{"taxonomy":"naslovna","embeddable":true,"href":"https:\/\/gradski.me\/en\/wp-json\/wp\/v2\/naslovna?post=906947"}],"curies":[{"name":"wp","href":"https:\/\/api.w.org\/{rel}","templated":true}]}}