{"id":906901,"date":"2026-02-22T17:04:00","date_gmt":"2026-02-22T16:04:00","guid":{"rendered":"https:\/\/new.gradski.me\/uncategorized\/tijela-ribolovaca-pronadjena-posle-tri-dana-u-jezeru-kod-leskovca\/"},"modified":"2026-02-28T10:47:18","modified_gmt":"2026-02-28T09:47:18","slug":"tijela-ribolovaca-pronadjena-posle-tri-dana-u-jezeru-kod-leskovca","status":"publish","type":"post","link":"https:\/\/gradski.me\/en\/region\/tijela-ribolovaca-pronadjena-posle-tri-dana-u-jezeru-kod-leskovca\/","title":{"rendered":"Tijela ribolovaca prona\u0111ena posle tri dana u jezeru kod Leskovca"},"content":{"rendered":"<p>Nakon tri dana potrage, tijela dvojice ribolovaca prona\u0111ena su u jezeru Barje, na dubini od 35 metara, saznaje RTS.<\/p>\n\n\n\n<p>U potrazi su u\u010destvovali pripadnici Sektora za vanredne situacije&nbsp;i \u017dandarmerije.<\/p>\n\n\n\n<p><strong>Ribolovci su nestali<\/strong>\u00a0u no\u0107i izme\u0111u 18. i 19. februara na jezeru Barje kod Leskovca.<\/p>\n\n\n\n<h3 class=\"wp-block-heading\"><strong>Vo\u0111a tima ronilaca: Ogromna povr\u0161ina za pretragu<\/strong><\/h3>\n\n\n\n<p>Ljubomir \u0106iri\u0107, vo\u0111a ronila\u010dkog tima \u017dandarmerije, rekao je za RTS da je jezero Borje du\u017eine oko sedam kilometara, a \u0161irine od 300 do 500 metara, \u0161to je ogromna povr\u0161ina za ronila\u010dku pretragu. &#8222;Pretraga se vr\u0161i sonarom i na mjestima gdje pro\u0111emo sonarom mi imamo podatke i vezano za dubinu i konfiguraciju dna&#8220;, rekao je \u0106iri\u0107.<\/p>\n\n\n\n<p>Kada su u pitanju ribari, \u0106iri\u0107 ka\u017ee da su oni \u010desto na vodi i sa\u017eive se sa ambijentom u kojem borave.<\/p>\n\n\n\n<p>&#8222;Me\u0111utim, to zna da predstavlja i problem, previ\u0161e se opuste i \u0161to se ti\u010de za\u0161titne opreme, koja je obavezna za plovila, rijetko ko od njih ih koristi ra\u010dunaju\u0107i da \u0107e sve biti u redu. Kada se de\u0161ava ovakva situacija sve traje veoma kratko i ukoliko ne postoji za\u0161titna oprema, u smislu prsluka ili poznavanja vje\u0161tina plivanja na visokom nivou tragedija je neizbje\u017ena&#8220;, upozorio je \u0106iri\u0107.<\/p>","protected":false},"excerpt":{"rendered":"<p>Ronioci \u017dandarmerije prona\u0161li su tijela dvojice ribolovaca u jezeru Barje kod Leskovca.<\/p>","protected":false},"author":4,"featured_media":906902,"comment_status":"open","ping_status":"open","sticky":false,"template":"","format":"standard","meta":{"_acf_changed":false,"footnotes":"","jetpack_publicize_message":"","jetpack_publicize_feature_enabled":true,"jetpack_social_post_already_shared":false,"jetpack_social_options":{"image_generator_settings":{"template":"highway","default_image_id":0,"font":"","enabled":false},"version":2}},"categories":[13],"tags":[19697,14868,19698],"naslovna":[],"class_list":["post-906901","post","type-post","status-publish","format-standard","has-post-thumbnail","hentry","category-region","tag-leskovac","tag-potraga","tag-ribolovci"],"acf":[],"jetpack_publicize_connections":[],"_links":{"self":[{"href":"https:\/\/gradski.me\/en\/wp-json\/wp\/v2\/posts\/906901","targetHints":{"allow":["GET"]}}],"collection":[{"href":"https:\/\/gradski.me\/en\/wp-json\/wp\/v2\/posts"}],"about":[{"href":"https:\/\/gradski.me\/en\/wp-json\/wp\/v2\/types\/post"}],"author":[{"embeddable":true,"href":"https:\/\/gradski.me\/en\/wp-json\/wp\/v2\/users\/4"}],"replies":[{"embeddable":true,"href":"https:\/\/gradski.me\/en\/wp-json\/wp\/v2\/comments?post=906901"}],"version-history":[{"count":1,"href":"https:\/\/gradski.me\/en\/wp-json\/wp\/v2\/posts\/906901\/revisions"}],"predecessor-version":[{"id":910539,"href":"https:\/\/gradski.me\/en\/wp-json\/wp\/v2\/posts\/906901\/revisions\/910539"}],"wp:featuredmedia":[{"embeddable":true,"href":"https:\/\/gradski.me\/en\/wp-json\/wp\/v2\/media\/906902"}],"wp:attachment":[{"href":"https:\/\/gradski.me\/en\/wp-json\/wp\/v2\/media?parent=906901"}],"wp:term":[{"taxonomy":"category","embeddable":true,"href":"https:\/\/gradski.me\/en\/wp-json\/wp\/v2\/categories?post=906901"},{"taxonomy":"post_tag","embeddable":true,"href":"https:\/\/gradski.me\/en\/wp-json\/wp\/v2\/tags?post=906901"},{"taxonomy":"naslovna","embeddable":true,"href":"https:\/\/gradski.me\/en\/wp-json\/wp\/v2\/naslovna?post=906901"}],"curies":[{"name":"wp","href":"https:\/\/api.w.org\/{rel}","templated":true}]}}