{"id":906889,"date":"2026-02-22T19:20:00","date_gmt":"2026-02-22T18:20:00","guid":{"rendered":"https:\/\/new.gradski.me\/uncategorized\/blecic-nasa-poljoprivreda-ne-moze-da-prehrani-10-odsto-stanovnistva-jokovic-vlada-ce-formirati-robne-rezerve\/"},"modified":"2026-02-28T10:47:15","modified_gmt":"2026-02-28T09:47:15","slug":"blecic-nasa-poljoprivreda-ne-moze-da-prehrani-10-odsto-stanovnistva-jokovic-vlada-ce-formirati-robne-rezerve","status":"publish","type":"post","link":"https:\/\/gradski.me\/en\/ekonomija\/blecic-nasa-poljoprivreda-ne-moze-da-prehrani-10-odsto-stanovnistva-jokovic-vlada-ce-formirati-robne-rezerve\/","title":{"rendered":"Ble\u010di\u0107: Na\u0161a poljoprivreda ne mo\u017ee da prehrani 10 odsto stanovni\u0161tva; Jokovi\u0107: Vlada \u0107e formirati robne rezerve"},"content":{"rendered":"<p><\/p>\n\n\n\n<p>Poslednji direktor Robnih rezervi prof. dr <strong>Miro Blecic<\/strong> na pitanje o tome je li bila strate\u0161ka gre\u0161ka ukinuti robne rezerve isti\u010de da je to o\u010digledno jer ima svoje upori\u0161te u realnosti. <\/p>\n\n\n\n<p>,,Me\u0111utim, moramo biti objektivni i re\u0107i da nikad nije kasno da se ne\u0161to ispravi &#8211; ako je ve\u0107 napravljen takav propust. Nama i bilo kojoj drugoj dr\u017eavi je nu\u017ean oblik rezervnog potencijala koji se ne smije vi\u0161e koristiti u klasi\u010dnom smislu &#8211; da stoji na lageru a da se ne zanavlja i da nije u funkciji podsticaja privrednog razvoja. \u010cini mi se da o privredi najmanje mislimo u ovim danima, evo, i tri-\u010detiri godine unazad&#8220;, kazao je Ble\u010di\u0107.<\/p>\n\n\n\n<p>Ble\u010di\u0107 isti\u010de kako smo svjedoci da su na Ekonomskom fakultetu napisali studiju koja nedvosmisleno ukazuje na potrebu formiranja i funkcionisanja dr\u017eavnih rezervi, a kako \u0107e se zvati &#8211; to je najmanje va\u017eno.<\/p>\n\n\n\n<p>,,\u010cak i oblik je sporadi\u010dan u odnosu na sami imperativ potreba. Za\u0161to? Crna Gora je na jednom izuzetno atraktivnom prostoru ali i vjetrometini &#8211; u svakom pogledu. Kako od vremenskih nepogoda, tako trusnog geolo\u0161kog sastava tla, a mi smo pomorska zemlja i to je faktor. Tako i preko turizma, jer, preferiramo turizam kao strate\u0161ku granu. Zna\u010di, bilo koji faktor, da o geopolitici ne govorimo, a i ona je sa jakim uticajem na urednost snabdijevanja ili potencijalno prekid snabdijevanja robama koje uvozimo&#8220;, navodi Ble\u010di\u0107.<\/p>\n\n\n\n<figure class=\"wp-block-image size-large\"><img decoding=\"async\" src=\"https:\/\/gradski.me\/wp-content\/uploads\/2026\/02\/002-1024x494.jpg\" alt=\"\" class=\"wp-image-928971\" title=\"\"><figcaption class=\"wp-element-caption\"><strong>Ble\u010di\u0107<\/strong>, foto: <strong>RTV Podgorica<\/strong><\/figcaption><\/figure>\n\n\n\n<p>Ble\u010di\u0107 nagla\u0161ava \u010dinjenicu da Crna Gora od sopstvenog potencijala, u globalnom smislu, zadovoljava od osam do 12 posto sopstvenih potreba u poljoprivrednoj proizvodnji i to zbog velikog uticaja vremenskih prilika na rodnost godine. <\/p>\n\n\n\n<p>,,\u0160ta to prakti\u010dno zna\u010di? Da ne mo\u017eemo prehraniti svakog desetog stanovnika, a preferiramo turizam. Populacija koja se kroz turisti\u010dki potencijal opskrbi ili potro\u0161i, bude ugo\u0161\u0107ena na ovom prostoru je nekoliko puta ve\u0107a od domicilnog stanovni\u0161tva. I kad sve to uzmete u obzir, dr\u017eavne rezerve u bilo kojem obliku su imperativ vremena ako mislimo na stabilnost privrede&#8220;, istakao je Ble\u010di\u0107.<\/p>\n\n\n\n<p><strong>Neoliberalni koncept doprinio da se formiraju monopolske pozicije na crnogorskom tr\u017ei\u0161tu<\/strong><\/p>\n\n\n\n<p>Ble\u010di\u0107 ocijenio je da neoliberalni koncept, koji je za\u017eivio od po\u010detka ovog milenijuma prakti\u010dno doprinio da se formiraju monopolske pozicije na crnogorskom tr\u017ei\u0161tu.<\/p>\n\n\n\n<p>&#8220;U Evropskoj uniji je opredjeljenje da svaki oblik privredne aktivnosti kojiu participira na tr\u017ei\u0161tu sa dvadeset i vi\u0161e procenata ima monopolsku poziciju. Pa, ako bi gledali strukturu na\u0161e privrede i na\u0161e ekonomije onda bi 70 posto potencijala bilo u toj poziciji. \u0160ta to zna\u010di? Da ne mo\u017eemo uticati na takvu konkurenciju. To je jedan bitan parametar, drugi je &#8211; ako uvozimo devedeset posto potreba poljoprivredno-prehrambenih, u globalnom smislu, onda se postavlja imperativan zahtjev. Da se preko fiskalnog sistema, odnosno poreskog mehanizma &#8211; teku\u0107e monetarne politike anga\u017euju raspolo\u017eivi resursi i da efekat&#8220;, isti\u010de Ble\u010di\u0107.<\/p>\n\n\n\n<p>Ble\u010di\u0107 nagla\u0161ava da ne mo\u017ee to preko no\u0107i. <\/p>\n\n\n\n<p>,,To je vi\u0161e sfera finansija nego poljoprivrede &#8211; ali je u funkciji razvoja poljoprivrede. Kako? \u0160ta su pro\u0161le godine bili intenzivni paljevine po Crnoj Gori, veliki po\u017eari? Upravo zbog toga \u0161to se najve\u0107i dio prostora poljoprivrednih povr\u0161ina na seoskom, ruralnom prostoru nije obra\u0111ivao. To je humusni materijal koji se lageruje tri godine, i to je veoma, veoma zapaljivo. Toplotni talasi koji nama, i uop\u0161te u globalnim promjenama u tom dijelu ne nagovje\u0161tavaju ni u budu\u0107nosti da \u0107e biti bolji uslovi. Pa se onda name\u0107e neminovno pitanje da obra\u0111ujemo, da privolimo stanovni\u0161tvo, da ga motivi\u0161emo, a bogami i sankcioni\u0161emo kad motiv nije dovoljan. Na taj na\u010din \u0107emo dobiti dodatne koli\u010dine prehrambenih proizvoda. Dobi\u0107emo vitalnost stanovni\u0161tva. I, ono \u0161to je najva\u017enije &#8211; dobi\u0107emo \u010diste, prirodne, ekolo\u0161ke sredine&#8220;, naveo je Ble\u010di\u0107.<\/p>\n\n\n\n<p><strong>Crnogorska ekonomija uvozno zavisna, samim tim i poljoprivreda<\/strong><\/p>\n\n\n\n<p>Ministar poljoprivrede, \u0161umarstva i vodoprivrede <strong>Vladimir Jokovic<\/strong> je kazao da ne bi mogli sami da obezbijedimo odgovaraju\u0107e koli\u010dine hrane koje bi stanovni\u0161tvo obezbijedilo za 60 do 90 dana. On isti\u010de da je Crna Gora u ovom trenutku u potpunosti uvozno zavisna, samim tim i poljoprivreda.<\/p>\n\n\n\n<p>,,Poljoprivreda proizvodi odre\u0111enih poljoprivrednih proizvoda za dovoljnost Crne Gore ali onaj najve\u0107i dio \u010dak i nemamo proizvodnju. Kao \u0161to je \u0161e\u0107er, kao \u0161to je so, p\u0161enice je vrlo malo, kukuruza vrlo malo i tako dalje. Su\u0161tina je da takve dr\u017eave kao \u0161to je Crna Gora te\u0161ko bi mogle obezbijediti iz sopstvenih ili teku\u0107ih rezervi koje imaju trgovinski lanci dovoljnost za neki du\u017ei period. Evropska unija je tra\u017eila da imamo rezerve nafte za tri mjeseca, na tome se radi, ve\u0107 je na \u010detrdesetak posto tih rezervi. Do ulaska u Evropsku uniju treba da imamo, ukupno rezervi za tri mjeseca nafte i naftnih derivata&#8220;, nagla\u0161ava Jokovi\u0107.<\/p>\n\n\n\n<figure class=\"wp-block-image size-large\"><img decoding=\"async\" src=\"https:\/\/gradski.me\/wp-content\/uploads\/2026\/02\/001-6-1024x493.jpg\" alt=\"\" class=\"wp-image-928972\" title=\"\"><figcaption class=\"wp-element-caption\"><strong>Jokovic<\/strong>, foto: <strong>RTV Podgorica<\/strong><\/figcaption><\/figure>\n\n\n\n<p>Jokovi\u0107 isti\u010de da \u0161to se ti\u010de prehrambenih proizvoda, i ne samo prehrambenih nego i sanitetskog materijala i ljekova i nekih drugih proizvoda koje su u slu\u010daju zemljotresa i ostalih kriznih situacija neophodno da jedna dr\u017eava posjeduje i navodi kako Ministarstvo ekonomije \u010dijoj ovo nadle\u017enosti pripada je ve\u0107 u procesu dono\u0161enja zakona koji je na javnoj raspravi. <\/p>\n\n\n\n<p><strong>Na vladi i u Skup\u0161tini brzo Zakon o formiranju rovnih rezervi<\/strong><\/p>\n\n\n\n<p>,,Brzo \u0107e biti na Vladi i u Skup\u0161tini o potrebi formiranja robnih rezervi Crne Gore i donije\u0107e se shodno zakonu odluka o formiranju robnih rezervi u Crnoj Gori. One su, na\u017ealost, 2003. godine ukinute i, mislim, da je to bila strate\u0161ka gre\u0161ka jer se tada razmi\u0161ljalo da se mogu nekim interventnim nabavkama kompenzovati ti tro\u0161kovi koji proizilaze iz samog o\u010duvanja tih robnih rezervi. Naravno, nekad su se Robne rezerve koristile za neke druge stvari, robne rezerve svi mi treba da smatramo kao neko op\u0161te dobro, blago Crne Gore kao \u0161to su va\u017ene devizne rezerve, zlatne rezerve, rezerve goriva i mo\u017eda su najpotrebnije rezerve hrane za Crnu Goru.<\/p>\n\n\n\n<p>Jokovi\u0107 vjeruje da \u0107e ova Vlada shodno ovom zakonu i shodno pristupnim pregovorima o Evropskoj uniji formirati robne rezerve i imati makar 30 do 60 dana dovoljnosti svih proizvoda kako bi odgovorila na razne i globalne i lokalne nepredvi\u0111ene situacije, i da bi mogla obezbijediti uredno snabdijevanje stanovni\u0161tva svim osnovnim \u017eivotnim namirnicama. <\/p>\n\n\n\n<p>,,Interventne nabavke su pokazale potpuno nesvrsishodne jer znamo dobro kad je bila pandemija kovida da je bilo blokade, da smo imali za vrlo kratko vrijeme \u017eitarica i bra\u0161na u Crnoj Gori, pa je bio interventni uvoz 10.000 tona \u017eita. To je na sudu, nije adekvatno skladi\u0161teno, tu je bilo odre\u0111enih problema. Ozbiljna dr\u017eava, svaka ozbiljna dr\u017eava, a Crna Gora jeste ozbiljna dr\u017eava treba da imamo prave robne rezerve koje \u0107e, naravno, zanavljati. Vidje\u0107emo kakvo \u0107e biti kona\u010dno rje\u0161enje. Naravno, sve je na poslanicima u parlamentu da donesu odluku, amandmane na predlog Zakona ali, Crna Gora ide u tu proceduru&#8220;, naglasio je Jokovi\u0107.<\/p>\n\n\n\n<p>Cijelu emisiju mo\u017eete pogledati na kanalu RTV Podgorica.<\/p>\n\n\n\n<p><\/p>","protected":false},"excerpt":{"rendered":"<p>Dr\u017eavne rezerve u bilo kojem obliku su imperativ vremena ako mislimo na stabilnost privrede, istakao je poslednji direktor robnih rezervi Crne Gore prof. dr Miro Ble\u010di\u0107 u emisiji &#8220;Specijal&#8220; RTV Podgorica. Ministar poljoprivrede, \u0161umarstva i vodoprivrede Vladimir Jokovi\u0107 najavio je da \u0107e se brzo na Vladi na\u0107i odluka o potrebi formiranja robnih rezervi Crne Gore.<\/p>","protected":false},"author":4,"featured_media":906890,"comment_status":"open","ping_status":"open","sticky":false,"template":"","format":"standard","meta":{"_acf_changed":false,"footnotes":"","jetpack_publicize_message":"","jetpack_publicize_feature_enabled":true,"jetpack_social_post_already_shared":false,"jetpack_social_options":{"image_generator_settings":{"template":"highway","default_image_id":0,"font":"","enabled":false},"version":2}},"categories":[8],"tags":[19695,100,104,267],"naslovna":[],"class_list":["post-906889","post","type-post","status-publish","format-standard","has-post-thumbnail","hentry","category-ekonomija","tag-formiranje-robnih-rezervi","tag-skupstina-crne-gore","tag-vlada-crne-gore","tag-vladimir-jokovic"],"acf":[],"jetpack_publicize_connections":[],"_links":{"self":[{"href":"https:\/\/gradski.me\/en\/wp-json\/wp\/v2\/posts\/906889","targetHints":{"allow":["GET"]}}],"collection":[{"href":"https:\/\/gradski.me\/en\/wp-json\/wp\/v2\/posts"}],"about":[{"href":"https:\/\/gradski.me\/en\/wp-json\/wp\/v2\/types\/post"}],"author":[{"embeddable":true,"href":"https:\/\/gradski.me\/en\/wp-json\/wp\/v2\/users\/4"}],"replies":[{"embeddable":true,"href":"https:\/\/gradski.me\/en\/wp-json\/wp\/v2\/comments?post=906889"}],"version-history":[{"count":1,"href":"https:\/\/gradski.me\/en\/wp-json\/wp\/v2\/posts\/906889\/revisions"}],"predecessor-version":[{"id":910532,"href":"https:\/\/gradski.me\/en\/wp-json\/wp\/v2\/posts\/906889\/revisions\/910532"}],"wp:featuredmedia":[{"embeddable":true,"href":"https:\/\/gradski.me\/en\/wp-json\/wp\/v2\/media\/906890"}],"wp:attachment":[{"href":"https:\/\/gradski.me\/en\/wp-json\/wp\/v2\/media?parent=906889"}],"wp:term":[{"taxonomy":"category","embeddable":true,"href":"https:\/\/gradski.me\/en\/wp-json\/wp\/v2\/categories?post=906889"},{"taxonomy":"post_tag","embeddable":true,"href":"https:\/\/gradski.me\/en\/wp-json\/wp\/v2\/tags?post=906889"},{"taxonomy":"naslovna","embeddable":true,"href":"https:\/\/gradski.me\/en\/wp-json\/wp\/v2\/naslovna?post=906889"}],"curies":[{"name":"wp","href":"https:\/\/api.w.org\/{rel}","templated":true}]}}